{"id":8587,"date":"2018-01-19T14:39:40","date_gmt":"2018-01-19T12:39:40","guid":{"rendered":"http:\/\/www.vacanzafotografica.it\/?p=8587"},"modified":"2018-01-19T14:39:40","modified_gmt":"2018-01-19T12:39:40","slug":"consigli-rapidi-i-principi-della-profondita-di-campo","status":"publish","type":"post","link":"https:\/\/www.digitalcameraschool.it\/home\/consigli-rapidi-i-principi-della-profondita-di-campo\/","title":{"rendered":"Consigli rapidi \/\/ I principi della profondit\u00e0 di campo"},"content":{"rendered":"<p>&nbsp;<\/p>\n<p>&nbsp;<\/p>\n<p><strong>DESCRIZIONE<\/strong><\/p>\n<p class=\"p1\"><span class=\"s1\">Mettendo a fuoco con la macchina\u00a0<\/span><span class=\"s1\">fotografica su un punto di un certo<\/span><\/p>\n<p class=\"p1\"><span class=\"s1\">piano focale, pu\u00f2 apparire nitida anche\u00a0<\/span><span class=\"s1\">una parte davanti o dietro al punto<\/span><\/p>\n<p class=\"p1\"><span class=\"s1\"><img loading=\"lazy\" decoding=\"async\" class=\"alignright size-full wp-image-8593\" src=\"http:\/\/www.vacanzafotografica.it\/wp-content\/uploads\/2018\/01\/pdc.jpg\" alt=\"pdc\" width=\"266\" height=\"622\" \/>di messa a fuoco.<\/span><\/p>\n<p class=\"p1\"><span class=\"s1\">Viene a crearsi cos\u00ec una zona o fascia\u00a0<\/span><span class=\"s1\">di nitidezza, chiamata profondit\u00e0\u00a0<\/span><span class=\"s1\">di campo, (PdC o DoF) dove gli<\/span><\/p>\n<p class=\"p1\"><span class=\"s1\">elementi dell\u2019immagine, intorno al\u00a0<\/span><span class=\"s1\">punto di messa a fuoco, appaiono\u00a0<\/span><span class=\"s1\">nitidi.<\/span><\/p>\n<p class=\"p1\"><span class=\"s1\">La zona di nitidezza \u00e8 sempre pi\u00f9\u00a0<\/span><span class=\"s1\">estesa dietro al punto di fuoco,<\/span><\/p>\n<p class=\"p1\"><span class=\"s1\">piuttosto che<span class=\"Apple-converted-space\">\u00a0 <\/span>davanti.\u00a0<\/span><span class=\"s1\">Non appena un elemento esce da<\/span><\/p>\n<p class=\"p1\"><span class=\"s1\">questa fascia, la sua nitidezza\u00a0<\/span><span class=\"s1\">diminuisce gradualmente fino<\/span><\/p>\n<p class=\"p1\"><span class=\"s1\">ad apparire totalmente sfocato.\u00a0<\/span><span class=\"s1\">Si parla di ampia profondit\u00e0 di campo\u00a0<\/span><span class=\"s1\">quando la fascia di nitidezza \u00e8 pi\u00f9<\/span><\/p>\n<p class=\"p1\"><span class=\"s1\">estesa e di ridotta PdC quando questa\u00a0<\/span><span class=\"s1\">stessa fascia \u00e8 breve.<\/span><\/p>\n<p class=\"p1\"><span class=\"s1\">Una minor PdC aiuta a concentrare\u00a0<\/span><span class=\"s1\">l\u2019attenzione sul soggetto dell\u2019immagine,\u00a0<\/span><span class=\"s1\">pu\u00f2 essere utile, per esempio, nelle<\/span><\/p>\n<p class=\"p1\"><span class=\"s1\">fotografie di ritratto per esaltare\u00a0<\/span><span class=\"s1\">maggiormente la persona ritratta.\u00a0<\/span><span class=\"s1\">Un\u2019ampia profondit\u00e0 di campo, invece,<\/span><\/p>\n<p class=\"p1\"><span class=\"s1\">permette di rendere nitidi pi\u00f9 dettagli\u00a0<\/span><span class=\"s1\">di un\u2019immagine, utile nelle fotografie di\u00a0<\/span><span class=\"s1\">paesaggio dove vogliamo rendere ben<\/span><\/p>\n<p class=\"p2\"><span class=\"s1\">visibile ogni elemento della fotografia.<\/span><\/p>\n<p class=\"p2\"><strong>DA COSA DIPENDE LA PROFONDIA&#8217; di CAMPO<\/strong><\/p>\n<p class=\"p1\"><span class=\"s1\">La profondit\u00e0 di campo \u00e8 determinata da 3 fattori fondamentali<\/span><\/p>\n<ul>\n<li class=\"p1\">Apertura del Diaframma<\/li>\n<li class=\"p1\">Distanza dal Soggetto<\/li>\n<li class=\"p1\">Tipo di obiettivo, lunghezza focale<\/li>\n<\/ul>\n<p>&nbsp;<\/p>\n<p><span class=\"s2\"><b>L\u2019apertura del diaframma :<\/b><\/span><\/p>\n<p>Maggiore \u00e8 l\u2019apertura di diaframma,\u00a0<span class=\"s2\">numero f pi\u00f9 piccolo (es. f\/2.8),\u00a0<\/span><span class=\"s2\">minore \u00e8 la PdC.\u00a0<\/span><span class=\"s2\">Man mano che chiudiamo il\u00a0<\/span><span class=\"s2\">diaframma, la profondit\u00e0 di campo\u00a0<\/span><span class=\"s2\">aumenta.\u00a0<\/span><\/p>\n<p class=\"p1\"><span class=\"s2\">Minore \u00e8 l\u2019apertura di diaframma,\u00a0<\/span><span class=\"s2\"><span class=\"Apple-converted-space\">\u00a0<\/span>numero f pi\u00f9 grande (es. f\/16),\u00a0\u00a0<\/span><span class=\"s2\">maggiore \u00e8 la PdC.<\/span><\/p>\n<p class=\"p2\"><img loading=\"lazy\" decoding=\"async\" class=\"aligncenter size-medium wp-image-8589\" src=\"http:\/\/www.vacanzafotografica.it\/wp-content\/uploads\/2018\/01\/prondondita\u0300-di-campo-620x434.jpg\" alt=\"prondondita\u0300 di campo\" width=\"300\" height=\"210\" \/><\/p>\n<p class=\"p2\"><b>La distanza tra macchina fotografica e soggetto* :<\/b><\/p>\n<p class=\"p1\"><span class=\"s2\"><span class=\"Apple-converted-space\">\u00a0<\/span>Pi\u00f9 il soggetto \u00e8 posizionato vicino\u00a0<\/span><span class=\"s2\">alla fotocamera,(es. 5 mt) minore sar\u00e0\u00a0<\/span><span class=\"s2\">la PdC.<\/span><\/p>\n<p class=\"p1\"><span class=\"s2\"><span class=\"Apple-converted-space\">\u00a0<\/span>Maggiore \u00e8 la distanza tra soggetto e\u00a0<\/span><span class=\"s2\">fotocamera, (es. 15 mt) pi\u00f9 ampia sar\u00e0\u00a0<\/span><span class=\"s2\">la PdC.<\/span><\/p>\n<p class=\"p2\"><img loading=\"lazy\" decoding=\"async\" class=\"aligncenter size-medium wp-image-8591\" src=\"http:\/\/www.vacanzafotografica.it\/wp-content\/uploads\/2018\/01\/prondondita\u0300-di-campo3-620x434.jpg\" alt=\"prondondita\u0300 di campo3\" width=\"300\" height=\"210\" \/><\/p>\n<p class=\"p2\"><b>La lunghezza focale :<\/b><\/p>\n<p class=\"p1\"><span class=\"s2\">Pi\u00f9 elevata \u00e8 la lunghezza focale,\u00a0<\/span><span class=\"s2\">(es. 200mm), minore \u00e8 la PdC.\u00a0<\/span><span class=\"s2\">Minore \u00e8 la lunghezza focale,\u00a0<\/span><span class=\"s2\">(es. 18mm), maggiore \u00e8 la PdC.<\/span><\/p>\n<p class=\"p2\"><img loading=\"lazy\" decoding=\"async\" class=\"aligncenter size-medium wp-image-8590\" src=\"http:\/\/www.vacanzafotografica.it\/wp-content\/uploads\/2018\/01\/prondondita\u0300-di-campo2-620x434.jpg\" alt=\"prondondita\u0300 di campo2\" width=\"300\" height=\"210\" \/><\/p>\n<p class=\"p1\"><span class=\"s1\">Se si vuole realizzare qualche prova = <\/span><\/p>\n<ul class=\"ul1\">\n<li class=\"li1\"><b><\/b><span class=\"s1\"><b>Ritratto di una persona con PdC ridotta:<\/b><\/span><\/li>\n<\/ul>\n<p class=\"p1\"><span class=\"s1\"><span class=\"Apple-converted-space\">\u00a0 <\/span>Utilizzare un obiettivo con elevata lunghezza focale, meglio se un <span class=\"Apple-converted-space\">\u00a0 \u00a0 \u00a0<\/span><\/span><\/p>\n<p class=\"p1\"><span class=\"s1\"><span class=\"Apple-converted-space\">\u00a0 <\/span>teleobiettivo (70-200mm)<\/span><\/p>\n<p class=\"p1\"><span class=\"s1\"><span class=\"Apple-converted-space\">\u00a0 <\/span>Riprendere il soggetto da vicino<\/span><\/p>\n<p class=\"p1\"><span class=\"s1\"><span class=\"Apple-converted-space\">\u00a0 <\/span>(es. mezzo busto o primo piano).\u00a0<img loading=\"lazy\" decoding=\"async\" class=\"alignright size-full wp-image-8592\" src=\"http:\/\/www.vacanzafotografica.it\/wp-content\/uploads\/2018\/01\/ritratto.jpg\" alt=\"ritratto\" width=\"275\" height=\"184\" \/><\/span><\/p>\n<p class=\"p1\"><span class=\"s1\"><span class=\"Apple-converted-space\">\u00a0 <\/span>Impostare un diaframma aperto<\/span><\/p>\n<p class=\"p1\"><span class=\"s1\"><span class=\"Apple-converted-space\">\u00a0 <\/span>(numero piccolo es. f\/2,8 &#8211; f\/3,5).<\/span><\/p>\n<p class=\"p1\"><span class=\"s1\"><span class=\"Apple-converted-space\">\u00a0 <\/span>Regolare Tempi di scatto e ISO<\/span><\/p>\n<p class=\"p1\"><span class=\"s1\"><span class=\"Apple-converted-space\">\u00a0 <\/span>di conseguenza, guardando<\/span><\/p>\n<p class=\"p1\"><span class=\"s1\"><span class=\"Apple-converted-space\">\u00a0 <\/span>esposimetro con lettura esposimetrica<\/span><\/p>\n<p class=\"p1\"><span class=\"s1\"><span class=\"Apple-converted-space\">\u00a0 <\/span>su SPOT.<\/span><\/p>\n<p class=\"p1\"><span class=\"s1\"><span class=\"Apple-converted-space\">\u00a0 <\/span>Punto di messa a fuoco singolo<\/span><\/p>\n<p class=\"p1\"><span class=\"s1\"><span class=\"Apple-converted-space\">\u00a0 <\/span>posizionato sul soggetto.<\/span><\/p>\n<p class=\"p1\"><span class=\"s1\"><span class=\"Apple-converted-space\">\u00a0 <\/span>Possibile utilizzare anche la Modalit\u00e0 a Priorit\u00e0 di diaframma regolando<\/span><\/p>\n<p class=\"p1\"><span class=\"s1\"><span class=\"Apple-converted-space\">\u00a0 <\/span>manualmente f e ISO e lasciando la scelta dei tempi di scatto alla fotocamera,<\/span><\/p>\n<p class=\"p1\"><span class=\"s1\"><span class=\"Apple-converted-space\">\u00a0 <\/span>attenzione ai tempi lenti se si hanno soggetti in movimento e se non si ha <span class=\"Apple-converted-space\">\u00a0 \u00a0 \u00a0<\/span><\/span><\/p>\n<p class=\"p1\"><span class=\"s1\"><span class=\"Apple-converted-space\">\u00a0 <\/span>la fotocamera ferma su un supporto.<\/span><\/p>\n<ul class=\"ul1\">\n<li class=\"li1\"><b><\/b><span class=\"s2\"><b>otografia di paesaggio com ampia PdC:<\/b><\/span><\/li>\n<\/ul>\n<p class=\"p1\"><span class=\"s2\"><span class=\"Apple-converted-space\">\u00a0 <\/span>Utilizzare un obiettivo con minor lunghezza focale, grandangolo (18-35mm)<\/span><\/p>\n<p class=\"p1\"><span class=\"s2\"><span class=\"Apple-converted-space\">\u00a0 <\/span>Impostare un diaframma chiuso<\/span><\/p>\n<p class=\"p1\"><span class=\"s2\"><span class=\"Apple-converted-space\">\u00a0 <\/span>(numero grande es. f\/11 &#8211; f\/16).<\/span><\/p>\n<p class=\"p1\"><span class=\"s2\"><span class=\"Apple-converted-space\">\u00a0 <\/span>Regolare Tempi di scatto e ISO di<\/span><\/p>\n<p class=\"p1\"><span class=\"s2\"><span class=\"Apple-converted-space\">\u00a0 <\/span>conseguenza, guardando esposimetro<\/span><\/p>\n<p class=\"p1\"><span class=\"s2\"><span class=\"Apple-converted-space\">\u00a0 <\/span>con lettura esposimetrica su MATRIX\u00a0\u00a0 <img loading=\"lazy\" decoding=\"async\" class=\"alignright size-medium wp-image-8594\" src=\"http:\/\/www.vacanzafotografica.it\/wp-content\/uploads\/2018\/01\/Senza-titolo-3.jpg\" alt=\"Senza titolo-3\" width=\"273\" height=\"185\" \/><\/span><\/p>\n<p class=\"p1\"><span class=\"s2\"><span class=\"Apple-converted-space\">\u00a0 <\/span>o VALUTATIVA.<\/span><\/p>\n<p class=\"p1\"><span class=\"s2\"><span class=\"Apple-converted-space\">\u00a0 <\/span>Punto di messa a fuoco a circa met\u00e0<\/span><\/p>\n<p class=\"p1\"><span class=\"s2\"><span class=\"Apple-converted-space\">\u00a0 <\/span>dell\u2019immagine, su piano focale<\/span><\/p>\n<p class=\"p1\"><span class=\"s2\"><span class=\"Apple-converted-space\">\u00a0 <\/span>intermedio, possibile utilizzare anche<\/span><\/p>\n<p class=\"p1\"><span class=\"s2\"><span class=\"Apple-converted-space\">\u00a0 <\/span>il calcolo dell\u2019Iperfocale per ampliare<\/span><\/p>\n<p class=\"p1\"><span class=\"s2\"><span class=\"Apple-converted-space\">\u00a0 <\/span>PdC e avere la messa a fuoco da una<\/span><\/p>\n<p class=\"p1\"><span class=\"s2\"><span class=\"Apple-converted-space\">\u00a0 <\/span>determinata distanza a infinito.<\/span><\/p>\n<p class=\"p1\"><span class=\"s2\"><span class=\"Apple-converted-space\">\u00a0 <\/span>Utilizzare anche la Modalit\u00e0 a Priorit\u00e0 di diaframma regolando<\/span><\/p>\n<p class=\"p1\"><span class=\"s2\"><span class=\"Apple-converted-space\">\u00a0 <\/span>manualmente f e ISO e lasciando la scelta dei tempi di scatto alla fotocamera,<\/span><\/p>\n<p class=\"p1\"><span class=\"s2\"><span class=\"Apple-converted-space\">\u00a0 <\/span>attenzione ai tempi lenti.<\/span><\/p>\n<p class=\"p1\"><strong>NOTE<\/strong><\/p>\n<ul class=\"ul1\">\n<li class=\"li1\"><span class=\"s2\">La lunghezza focale \u00e8 forse la caratteristica pi\u00f9 influente sulla variazione della PdC.<\/span><\/li>\n<\/ul>\n<p class=\"p1\"><span class=\"s2\"><span class=\"Apple-converted-space\">\u00a0 <\/span>Per questo motivo \u00e8 pi\u00f9 facile ottenere una riduzione maggiore della<\/span><\/p>\n<p class=\"p1\"><span class=\"s2\"><span class=\"Apple-converted-space\">\u00a0 <\/span>profondit\u00e0 di campo utilizzando dei teleobiettivi piuttosto che obiettivi<\/span><\/p>\n<p class=\"p1\"><span class=\"s2\"><span class=\"Apple-converted-space\">\u00a0 <\/span>grandangolari.<\/span><\/p>\n<p class=\"p1\"><span class=\"s2\"><span class=\"Apple-converted-space\">\u00a0 <\/span>-* Considerando la distanza tra soggetto e fotocamera si pu\u00f2 dire che la<span class=\"Apple-converted-space\">\u00a0 \u00a0<\/span><\/span><\/p>\n<p class=\"p1\"><span class=\"s2\"><span class=\"Apple-converted-space\">\u00a0 \u00a0 <\/span>variazione di PdC \u00e8 influenzata dalla scala di<\/span><\/p>\n<p class=\"p1\"><span class=\"s2\"><span class=\"Apple-converted-space\">\u00a0 \u00a0 <\/span>un\u2019immagine. Pi\u00f9 il soggetto si trova vicino alla<\/span><\/p>\n<p class=\"p1\"><span class=\"s2\"><span class=\"Apple-converted-space\">\u00a0 \u00a0 <\/span>fotocamera, pi\u00f9 la PdC sar\u00e0 ridotta, per questo<\/span><\/p>\n<p class=\"p1\"><span class=\"s2\"><span class=\"Apple-converted-space\">\u00a0 \u00a0 <\/span>motivo gli obiettivi Macro, che permettono di\u00a0 \u00a0<img loading=\"lazy\" decoding=\"async\" class=\"alignright size-full wp-image-8595\" src=\"http:\/\/www.vacanzafotografica.it\/wp-content\/uploads\/2018\/01\/Senza-titolo-5.jpg\" alt=\"Senza titolo-5\" width=\"187\" height=\"280\" \/><\/span><\/p>\n<p class=\"p1\"><span class=\"s2\"><span class=\"Apple-converted-space\">\u00a0 \u00a0 <\/span>mettere a fuoco un soggetto molto da vicino,<\/span><\/p>\n<p class=\"p1\"><span class=\"s2\"><span class=\"Apple-converted-space\">\u00a0 \u00a0 <\/span>hanno una PdC molto ridotta anche utilizzando<\/span><\/p>\n<p class=\"p1\"><span class=\"s2\"><span class=\"Apple-converted-space\">\u00a0 \u00a0 <\/span>diaframmi chiusi.<\/span><\/p>\n<ul class=\"ul1\">\n<li class=\"li1\"><span class=\"s2\">Anche le dimensioni del sensore della fotocamera<\/span><\/li>\n<\/ul>\n<p class=\"p1\"><span class=\"s2\"><span class=\"Apple-converted-space\">\u00a0\u00a0 <\/span>influenzano la PdC, perch\u00e9 pi\u00f9 \u00e8 piccolo il<\/span><\/p>\n<p class=\"p1\"><span class=\"s2\"><span class=\"Apple-converted-space\">\u00a0\u00a0 <\/span>sensore, minore sar\u00e0 la lunghezza focale<\/span><\/p>\n<p class=\"p1\"><span class=\"s2\"><span class=\"Apple-converted-space\">\u00a0\u00a0 <\/span>necessaria per avere una PdC con un 35 mm su<\/span><\/p>\n<p class=\"p1\"><span class=\"s2\"><span class=\"Apple-converted-space\">\u00a0\u00a0 <\/span>fotocamera APS-C si ottiene la stessa<\/span><\/p>\n<p class=\"p1\"><span class=\"s2\"><span class=\"Apple-converted-space\">\u00a0\u00a0 <\/span>inquadratura di un 55 mm su fotocamera<\/span><\/p>\n<p class=\"p1\"><span class=\"s2\"><span class=\"Apple-converted-space\">\u00a0\u00a0 <\/span>Full Frame, la profondit\u00e0 di campo col 35mm su<\/span><\/p>\n<p class=\"p1\"><span class=\"s2\"><span class=\"Apple-converted-space\">\u00a0\u00a0 <\/span>APS-C sar\u00e0 di conseguenza la stessa di un 55mm,<\/span><\/p>\n<p class=\"p1\"><span class=\"s2\"><span class=\"Apple-converted-space\">\u00a0\u00a0 <\/span>quindi pi\u00f9 ridotta.<\/span><\/p>\n<ul class=\"ul1\">\n<li class=\"li1\"><span class=\"s2\">Le fotocamere compatte e Bridge, a causa delle dimensioni del sensore,hanno<\/span><\/li>\n<\/ul>\n<p class=\"p1\"><span class=\"s2\"><span class=\"Apple-converted-space\">\u00a0\u00a0 <\/span>sempre una profondit\u00e0 di campo molto ampia rispetto ad una fotocamera<\/span><\/p>\n<p class=\"p1\"><span class=\"s2\"><span class=\"Apple-converted-space\">\u00a0\u00a0 <\/span>Reflex, anche utilizzando grandi aperture di diaframma.<\/span><\/p>\n<p class=\"p1\"><span class=\"s2\"><span class=\"Apple-converted-space\">\u00a0\u00a0 <\/span>Per riuscire a ridurre la PdC bisogna avvicinarsi molto al soggetto, riducendo<\/span><\/p>\n<p class=\"p1\"><span class=\"s2\"><span class=\"Apple-converted-space\">\u00a0\u00a0 <\/span>notevolmente la distanza tra la fotocamera e il soggetto, e utilizzare focali<span class=\"Apple-converted-space\">\u00a0 \u00a0<\/span><\/span><\/p>\n<p class=\"p1\"><span class=\"s2\"><span class=\"Apple-converted-space\">\u00a0\u00a0 <\/span>molto lunghe.<\/span><\/p>\n<p class=\"p1\"><span class=\"s1\">Per ulteriori informazioni <\/span><span class=\"s2\">o se vuoi <\/span><span class=\"s1\">mandarci <\/span><span class=\"s3\">le <\/span><span class=\"s1\">tue <\/span><span class=\"s4\">fotografie:\u00a0<\/span><\/p>\n<p class=\"p1\"><span class=\"s5\"><a href=\"mailto:info@vacanzafotografica.it?subject=\">info@vacanzafotografica.it<\/a>\u00a0393 9242473 Marco<\/span><\/p>\n","protected":false},"excerpt":{"rendered":"<p>&nbsp; &nbsp; DESCRIZIONE Mettendo a fuoco con la macchina\u00a0fotografica su un punto di un certo piano focale, pu\u00f2 apparire nitida anche\u00a0una parte davanti o dietro al punto di&#8230;<\/p>\n","protected":false},"author":1,"featured_media":8588,"comment_status":"closed","ping_status":"open","sticky":false,"template":"","format":"standard","meta":{"pmpro_default_level":"","footnotes":""},"categories":[120],"tags":[],"class_list":["post-8587","post","type-post","status-publish","format-standard","has-post-thumbnail","hentry","category-articoli","pmpro-has-access"],"acf":[],"yoast_head":"<!-- This site is optimized with the Yoast SEO plugin v27.4 - https:\/\/yoast.com\/product\/yoast-seo-wordpress\/ -->\n<title>Consigli rapidi \/\/ I principi della profondit\u00e0 di campo - Digital Camera School - Corsi di fotografia<\/title>\n<meta name=\"robots\" content=\"index, follow, max-snippet:-1, max-image-preview:large, max-video-preview:-1\" \/>\n<link rel=\"canonical\" href=\"https:\/\/www.digitalcameraschool.it\/home\/consigli-rapidi-i-principi-della-profondita-di-campo\/\" \/>\n<meta property=\"og:locale\" content=\"it_IT\" \/>\n<meta property=\"og:type\" content=\"article\" \/>\n<meta property=\"og:title\" content=\"Consigli rapidi \/\/ I principi della profondit\u00e0 di campo - Digital Camera School - Corsi di fotografia\" \/>\n<meta property=\"og:description\" content=\"&nbsp; &nbsp; DESCRIZIONE Mettendo a fuoco con la macchina\u00a0fotografica su un punto di un certo piano focale, pu\u00f2 apparire nitida anche\u00a0una parte davanti o dietro al punto di...\" \/>\n<meta property=\"og:url\" content=\"https:\/\/www.digitalcameraschool.it\/home\/consigli-rapidi-i-principi-della-profondita-di-campo\/\" \/>\n<meta property=\"og:site_name\" content=\"Digital Camera School - Corsi di fotografia\" \/>\n<meta property=\"article:publisher\" content=\"https:\/\/www.facebook.com\/digitalcameraschool\" \/>\n<meta property=\"article:published_time\" content=\"2018-01-19T12:39:40+00:00\" \/>\n<meta property=\"og:image\" content=\"https:\/\/www.digitalcameraschool.it\/home\/wp-content\/uploads\/2022\/05\/logo-rotondo-dcs.png\" \/>\n\t<meta property=\"og:image:width\" content=\"500\" \/>\n\t<meta property=\"og:image:height\" content=\"500\" \/>\n\t<meta property=\"og:image:type\" content=\"image\/png\" \/>\n<meta name=\"author\" content=\"admin\" \/>\n<meta name=\"twitter:card\" content=\"summary_large_image\" \/>\n<meta name=\"twitter:label1\" content=\"Scritto da\" \/>\n\t<meta name=\"twitter:data1\" content=\"admin\" \/>\n\t<meta name=\"twitter:label2\" content=\"Tempo di lettura stimato\" \/>\n\t<meta name=\"twitter:data2\" content=\"4 minuti\" \/>\n<script type=\"application\/ld+json\" class=\"yoast-schema-graph\">{\"@context\":\"https:\\\/\\\/schema.org\",\"@graph\":[{\"@type\":\"Article\",\"@id\":\"https:\\\/\\\/www.digitalcameraschool.it\\\/home\\\/consigli-rapidi-i-principi-della-profondita-di-campo\\\/#article\",\"isPartOf\":{\"@id\":\"https:\\\/\\\/www.digitalcameraschool.it\\\/home\\\/consigli-rapidi-i-principi-della-profondita-di-campo\\\/\"},\"author\":{\"name\":\"admin\",\"@id\":\"https:\\\/\\\/www.digitalcameraschool.it\\\/home\\\/#\\\/schema\\\/person\\\/14ad0f307de56d37b91e05ce38cbce4f\"},\"headline\":\"Consigli rapidi \\\/\\\/ I principi della profondit\u00e0 di campo\",\"datePublished\":\"2018-01-19T12:39:40+00:00\",\"mainEntityOfPage\":{\"@id\":\"https:\\\/\\\/www.digitalcameraschool.it\\\/home\\\/consigli-rapidi-i-principi-della-profondita-di-campo\\\/\"},\"wordCount\":758,\"publisher\":{\"@id\":\"https:\\\/\\\/www.digitalcameraschool.it\\\/home\\\/#organization\"},\"image\":{\"@id\":\"https:\\\/\\\/www.digitalcameraschool.it\\\/home\\\/consigli-rapidi-i-principi-della-profondita-di-campo\\\/#primaryimage\"},\"thumbnailUrl\":\"\",\"articleSection\":[\"Articoli\"],\"inLanguage\":\"it-IT\"},{\"@type\":\"WebPage\",\"@id\":\"https:\\\/\\\/www.digitalcameraschool.it\\\/home\\\/consigli-rapidi-i-principi-della-profondita-di-campo\\\/\",\"url\":\"https:\\\/\\\/www.digitalcameraschool.it\\\/home\\\/consigli-rapidi-i-principi-della-profondita-di-campo\\\/\",\"name\":\"Consigli rapidi \\\/\\\/ I principi della profondit\u00e0 di campo - Digital Camera School - Corsi di fotografia\",\"isPartOf\":{\"@id\":\"https:\\\/\\\/www.digitalcameraschool.it\\\/home\\\/#website\"},\"primaryImageOfPage\":{\"@id\":\"https:\\\/\\\/www.digitalcameraschool.it\\\/home\\\/consigli-rapidi-i-principi-della-profondita-di-campo\\\/#primaryimage\"},\"image\":{\"@id\":\"https:\\\/\\\/www.digitalcameraschool.it\\\/home\\\/consigli-rapidi-i-principi-della-profondita-di-campo\\\/#primaryimage\"},\"thumbnailUrl\":\"\",\"datePublished\":\"2018-01-19T12:39:40+00:00\",\"breadcrumb\":{\"@id\":\"https:\\\/\\\/www.digitalcameraschool.it\\\/home\\\/consigli-rapidi-i-principi-della-profondita-di-campo\\\/#breadcrumb\"},\"inLanguage\":\"it-IT\",\"potentialAction\":[{\"@type\":\"ReadAction\",\"target\":[\"https:\\\/\\\/www.digitalcameraschool.it\\\/home\\\/consigli-rapidi-i-principi-della-profondita-di-campo\\\/\"]}]},{\"@type\":\"ImageObject\",\"inLanguage\":\"it-IT\",\"@id\":\"https:\\\/\\\/www.digitalcameraschool.it\\\/home\\\/consigli-rapidi-i-principi-della-profondita-di-campo\\\/#primaryimage\",\"url\":\"\",\"contentUrl\":\"\"},{\"@type\":\"BreadcrumbList\",\"@id\":\"https:\\\/\\\/www.digitalcameraschool.it\\\/home\\\/consigli-rapidi-i-principi-della-profondita-di-campo\\\/#breadcrumb\",\"itemListElement\":[{\"@type\":\"ListItem\",\"position\":1,\"name\":\"Home\",\"item\":\"https:\\\/\\\/www.digitalcameraschool.it\\\/home\\\/\"},{\"@type\":\"ListItem\",\"position\":2,\"name\":\"Consigli rapidi \\\/\\\/ I principi della profondit\u00e0 di campo\"}]},{\"@type\":\"WebSite\",\"@id\":\"https:\\\/\\\/www.digitalcameraschool.it\\\/home\\\/#website\",\"url\":\"https:\\\/\\\/www.digitalcameraschool.it\\\/home\\\/\",\"name\":\"Digital Camera School - Corsi di fotografia\",\"description\":\"Corsi, workshop, viaggi e molto altro!\",\"publisher\":{\"@id\":\"https:\\\/\\\/www.digitalcameraschool.it\\\/home\\\/#organization\"},\"potentialAction\":[{\"@type\":\"SearchAction\",\"target\":{\"@type\":\"EntryPoint\",\"urlTemplate\":\"https:\\\/\\\/www.digitalcameraschool.it\\\/home\\\/?s={search_term_string}\"},\"query-input\":{\"@type\":\"PropertyValueSpecification\",\"valueRequired\":true,\"valueName\":\"search_term_string\"}}],\"inLanguage\":\"it-IT\"},{\"@type\":\"Organization\",\"@id\":\"https:\\\/\\\/www.digitalcameraschool.it\\\/home\\\/#organization\",\"name\":\"Digital Camera School\",\"url\":\"https:\\\/\\\/www.digitalcameraschool.it\\\/home\\\/\",\"logo\":{\"@type\":\"ImageObject\",\"inLanguage\":\"it-IT\",\"@id\":\"https:\\\/\\\/www.digitalcameraschool.it\\\/home\\\/#\\\/schema\\\/logo\\\/image\\\/\",\"url\":\"https:\\\/\\\/www.digitalcameraschool.it\\\/home\\\/wp-content\\\/uploads\\\/2022\\\/05\\\/logo-rotondo-dcs.png\",\"contentUrl\":\"https:\\\/\\\/www.digitalcameraschool.it\\\/home\\\/wp-content\\\/uploads\\\/2022\\\/05\\\/logo-rotondo-dcs.png\",\"width\":500,\"height\":500,\"caption\":\"Digital Camera School\"},\"image\":{\"@id\":\"https:\\\/\\\/www.digitalcameraschool.it\\\/home\\\/#\\\/schema\\\/logo\\\/image\\\/\"},\"sameAs\":[\"https:\\\/\\\/www.facebook.com\\\/digitalcameraschool\",\"https:\\\/\\\/www.instagram.com\\\/digital_camera_school\\\/\",\"https:\\\/\\\/www.youtube.com\\\/c\\\/digitalcameraschool_tv\"]},{\"@type\":\"Person\",\"@id\":\"https:\\\/\\\/www.digitalcameraschool.it\\\/home\\\/#\\\/schema\\\/person\\\/14ad0f307de56d37b91e05ce38cbce4f\",\"name\":\"admin\",\"image\":{\"@type\":\"ImageObject\",\"inLanguage\":\"it-IT\",\"@id\":\"https:\\\/\\\/secure.gravatar.com\\\/avatar\\\/09a781b0bc9ccebf47e03b0d3f8669bee8135aefe812c1b4d781dd65956e2b67?s=96&d=mm&r=g\",\"url\":\"https:\\\/\\\/secure.gravatar.com\\\/avatar\\\/09a781b0bc9ccebf47e03b0d3f8669bee8135aefe812c1b4d781dd65956e2b67?s=96&d=mm&r=g\",\"contentUrl\":\"https:\\\/\\\/secure.gravatar.com\\\/avatar\\\/09a781b0bc9ccebf47e03b0d3f8669bee8135aefe812c1b4d781dd65956e2b67?s=96&d=mm&r=g\",\"caption\":\"admin\"},\"sameAs\":[\"https:\\\/\\\/www.digitalcameraschool.it\\\/home\"],\"url\":\"https:\\\/\\\/www.digitalcameraschool.it\\\/home\\\/author\\\/admin\\\/\"}]}<\/script>\n<!-- \/ Yoast SEO plugin. -->","yoast_head_json":{"title":"Consigli rapidi \/\/ I principi della profondit\u00e0 di campo - Digital Camera School - Corsi di fotografia","robots":{"index":"index","follow":"follow","max-snippet":"max-snippet:-1","max-image-preview":"max-image-preview:large","max-video-preview":"max-video-preview:-1"},"canonical":"https:\/\/www.digitalcameraschool.it\/home\/consigli-rapidi-i-principi-della-profondita-di-campo\/","og_locale":"it_IT","og_type":"article","og_title":"Consigli rapidi \/\/ I principi della profondit\u00e0 di campo - Digital Camera School - Corsi di fotografia","og_description":"&nbsp; &nbsp; DESCRIZIONE Mettendo a fuoco con la macchina\u00a0fotografica su un punto di un certo piano focale, pu\u00f2 apparire nitida anche\u00a0una parte davanti o dietro al punto di...","og_url":"https:\/\/www.digitalcameraschool.it\/home\/consigli-rapidi-i-principi-della-profondita-di-campo\/","og_site_name":"Digital Camera School - Corsi di fotografia","article_publisher":"https:\/\/www.facebook.com\/digitalcameraschool","article_published_time":"2018-01-19T12:39:40+00:00","og_image":[{"width":500,"height":500,"url":"https:\/\/www.digitalcameraschool.it\/home\/wp-content\/uploads\/2022\/05\/logo-rotondo-dcs.png","type":"image\/png"}],"author":"admin","twitter_card":"summary_large_image","twitter_misc":{"Scritto da":"admin","Tempo di lettura stimato":"4 minuti"},"schema":{"@context":"https:\/\/schema.org","@graph":[{"@type":"Article","@id":"https:\/\/www.digitalcameraschool.it\/home\/consigli-rapidi-i-principi-della-profondita-di-campo\/#article","isPartOf":{"@id":"https:\/\/www.digitalcameraschool.it\/home\/consigli-rapidi-i-principi-della-profondita-di-campo\/"},"author":{"name":"admin","@id":"https:\/\/www.digitalcameraschool.it\/home\/#\/schema\/person\/14ad0f307de56d37b91e05ce38cbce4f"},"headline":"Consigli rapidi \/\/ I principi della profondit\u00e0 di campo","datePublished":"2018-01-19T12:39:40+00:00","mainEntityOfPage":{"@id":"https:\/\/www.digitalcameraschool.it\/home\/consigli-rapidi-i-principi-della-profondita-di-campo\/"},"wordCount":758,"publisher":{"@id":"https:\/\/www.digitalcameraschool.it\/home\/#organization"},"image":{"@id":"https:\/\/www.digitalcameraschool.it\/home\/consigli-rapidi-i-principi-della-profondita-di-campo\/#primaryimage"},"thumbnailUrl":"","articleSection":["Articoli"],"inLanguage":"it-IT"},{"@type":"WebPage","@id":"https:\/\/www.digitalcameraschool.it\/home\/consigli-rapidi-i-principi-della-profondita-di-campo\/","url":"https:\/\/www.digitalcameraschool.it\/home\/consigli-rapidi-i-principi-della-profondita-di-campo\/","name":"Consigli rapidi \/\/ I principi della profondit\u00e0 di campo - Digital Camera School - Corsi di fotografia","isPartOf":{"@id":"https:\/\/www.digitalcameraschool.it\/home\/#website"},"primaryImageOfPage":{"@id":"https:\/\/www.digitalcameraschool.it\/home\/consigli-rapidi-i-principi-della-profondita-di-campo\/#primaryimage"},"image":{"@id":"https:\/\/www.digitalcameraschool.it\/home\/consigli-rapidi-i-principi-della-profondita-di-campo\/#primaryimage"},"thumbnailUrl":"","datePublished":"2018-01-19T12:39:40+00:00","breadcrumb":{"@id":"https:\/\/www.digitalcameraschool.it\/home\/consigli-rapidi-i-principi-della-profondita-di-campo\/#breadcrumb"},"inLanguage":"it-IT","potentialAction":[{"@type":"ReadAction","target":["https:\/\/www.digitalcameraschool.it\/home\/consigli-rapidi-i-principi-della-profondita-di-campo\/"]}]},{"@type":"ImageObject","inLanguage":"it-IT","@id":"https:\/\/www.digitalcameraschool.it\/home\/consigli-rapidi-i-principi-della-profondita-di-campo\/#primaryimage","url":"","contentUrl":""},{"@type":"BreadcrumbList","@id":"https:\/\/www.digitalcameraschool.it\/home\/consigli-rapidi-i-principi-della-profondita-di-campo\/#breadcrumb","itemListElement":[{"@type":"ListItem","position":1,"name":"Home","item":"https:\/\/www.digitalcameraschool.it\/home\/"},{"@type":"ListItem","position":2,"name":"Consigli rapidi \/\/ I principi della profondit\u00e0 di campo"}]},{"@type":"WebSite","@id":"https:\/\/www.digitalcameraschool.it\/home\/#website","url":"https:\/\/www.digitalcameraschool.it\/home\/","name":"Digital Camera School - Corsi di fotografia","description":"Corsi, workshop, viaggi e molto altro!","publisher":{"@id":"https:\/\/www.digitalcameraschool.it\/home\/#organization"},"potentialAction":[{"@type":"SearchAction","target":{"@type":"EntryPoint","urlTemplate":"https:\/\/www.digitalcameraschool.it\/home\/?s={search_term_string}"},"query-input":{"@type":"PropertyValueSpecification","valueRequired":true,"valueName":"search_term_string"}}],"inLanguage":"it-IT"},{"@type":"Organization","@id":"https:\/\/www.digitalcameraschool.it\/home\/#organization","name":"Digital Camera School","url":"https:\/\/www.digitalcameraschool.it\/home\/","logo":{"@type":"ImageObject","inLanguage":"it-IT","@id":"https:\/\/www.digitalcameraschool.it\/home\/#\/schema\/logo\/image\/","url":"https:\/\/www.digitalcameraschool.it\/home\/wp-content\/uploads\/2022\/05\/logo-rotondo-dcs.png","contentUrl":"https:\/\/www.digitalcameraschool.it\/home\/wp-content\/uploads\/2022\/05\/logo-rotondo-dcs.png","width":500,"height":500,"caption":"Digital Camera School"},"image":{"@id":"https:\/\/www.digitalcameraschool.it\/home\/#\/schema\/logo\/image\/"},"sameAs":["https:\/\/www.facebook.com\/digitalcameraschool","https:\/\/www.instagram.com\/digital_camera_school\/","https:\/\/www.youtube.com\/c\/digitalcameraschool_tv"]},{"@type":"Person","@id":"https:\/\/www.digitalcameraschool.it\/home\/#\/schema\/person\/14ad0f307de56d37b91e05ce38cbce4f","name":"admin","image":{"@type":"ImageObject","inLanguage":"it-IT","@id":"https:\/\/secure.gravatar.com\/avatar\/09a781b0bc9ccebf47e03b0d3f8669bee8135aefe812c1b4d781dd65956e2b67?s=96&d=mm&r=g","url":"https:\/\/secure.gravatar.com\/avatar\/09a781b0bc9ccebf47e03b0d3f8669bee8135aefe812c1b4d781dd65956e2b67?s=96&d=mm&r=g","contentUrl":"https:\/\/secure.gravatar.com\/avatar\/09a781b0bc9ccebf47e03b0d3f8669bee8135aefe812c1b4d781dd65956e2b67?s=96&d=mm&r=g","caption":"admin"},"sameAs":["https:\/\/www.digitalcameraschool.it\/home"],"url":"https:\/\/www.digitalcameraschool.it\/home\/author\/admin\/"}]}},"_links":{"self":[{"href":"https:\/\/www.digitalcameraschool.it\/home\/wp-json\/wp\/v2\/posts\/8587","targetHints":{"allow":["GET"]}}],"collection":[{"href":"https:\/\/www.digitalcameraschool.it\/home\/wp-json\/wp\/v2\/posts"}],"about":[{"href":"https:\/\/www.digitalcameraschool.it\/home\/wp-json\/wp\/v2\/types\/post"}],"author":[{"embeddable":true,"href":"https:\/\/www.digitalcameraschool.it\/home\/wp-json\/wp\/v2\/users\/1"}],"replies":[{"embeddable":true,"href":"https:\/\/www.digitalcameraschool.it\/home\/wp-json\/wp\/v2\/comments?post=8587"}],"version-history":[{"count":0,"href":"https:\/\/www.digitalcameraschool.it\/home\/wp-json\/wp\/v2\/posts\/8587\/revisions"}],"wp:featuredmedia":[{"embeddable":true,"href":"https:\/\/www.digitalcameraschool.it\/home\/wp-json\/"}],"wp:attachment":[{"href":"https:\/\/www.digitalcameraschool.it\/home\/wp-json\/wp\/v2\/media?parent=8587"}],"wp:term":[{"taxonomy":"category","embeddable":true,"href":"https:\/\/www.digitalcameraschool.it\/home\/wp-json\/wp\/v2\/categories?post=8587"},{"taxonomy":"post_tag","embeddable":true,"href":"https:\/\/www.digitalcameraschool.it\/home\/wp-json\/wp\/v2\/tags?post=8587"}],"curies":[{"name":"wp","href":"https:\/\/api.w.org\/{rel}","templated":true}]}}