{"id":5351,"date":"2016-04-22T19:00:52","date_gmt":"2016-04-22T17:00:52","guid":{"rendered":"http:\/\/www.vacanzafotografica.it\/?p=5351"},"modified":"2016-04-22T19:00:52","modified_gmt":"2016-04-22T17:00:52","slug":"irene-kung-intervista","status":"publish","type":"post","link":"https:\/\/www.digitalcameraschool.it\/home\/irene-kung-intervista\/","title":{"rendered":"Intervista a Irene Kung"},"content":{"rendered":"<p>&nbsp;<\/p>\n<p style=\"text-align: justify;\">Abbiamo avuto il piacere di intervistare la fotografia e pittrice svizzera Irene Kung. Irene ha la capacit\u00e0 e la maestria di creare immagini surreali, oniriche. Il successo arriva attraverso la pubblicazione de &#8220;Le citt\u00e0 invisibili&#8221;, un libro che contiene scatti straordinari, sognati, di monumenti\u00a0e costruzioni architettoniche simbolo nel mondo.<\/p>\n<p>&nbsp;<\/p>\n<p><img loading=\"lazy\" decoding=\"async\" class=\"aligncenter wp-image-5354 size-large\" src=\"http:\/\/www.vacanzafotografica.it\/wp-content\/uploads\/2016\/04\/IRENE-KUNG-LA-CITTA\u0300-INVISIBILE-DUOMO-MILANO-2010-1012-940x760.jpg\" alt=\"IRENE-KUNG-LA-CITTA\u0300-INVISIBILE-DUOMO-MILANO-2010-1012\" width=\"940\" height=\"760\" \/><\/p>\n<h6><em>Pittrice, graphic designer e fotografa: qual \u00e8 la storia della vita di un\u2019artista dalla personalit\u00e0 cos\u00ec poliedrica?<\/em><\/h6>\n<p>\u00c8 tutto collegato, dal graphic design alla fotografia. Ogni esperienza mi ha fatto capire qualcosa in piu sulla creazione di una immagine e sulla lettura di una immagine. E sempre la ricerca di una emozione profonda.<\/p>\n<h6><em>Quanto c\u2019\u00e8 dell\u2019essere pittrice in una sua foto e quanto della pratica fotografica in un suo quadro?<\/em><\/h6>\n<p>La macchina fotografica per me \u00e8 uno strumento in piu per creare immagini. Non ho bisogno della fotografia quando dipingo perche la pittura \u00e8 alla base di tutto il mio lavoro.<\/p>\n<h6><em>I monumenti rappresentati nel lavoro \u201cInvisible cities\u201d hanno la capacit\u00e0 di evocare un mondo in cui l\u2019uomo sembra scomparso. Che importanza d\u00e0 al genere umano, visto che nei suoi lavori \u00e8 completamente assente? Potrebbe essere oggetto di un suo progetto fotografico?<\/em><\/h6>\n<p>ho scelto di fare dei \u2018ritratti\u2019 ai monumenti che raccontano la storia dell\u2019umanit\u00e0, quindi in realt\u00e0 non escludo del tutto l\u2019uomo nel mio racconto. Si, mi piacerebbe fare una serie di ritratti e lo far\u00f2 presto.<\/p>\n<p>&nbsp;<\/p>\n<p><img loading=\"lazy\" decoding=\"async\" class=\"aligncenter size-full wp-image-5355\" src=\"http:\/\/www.vacanzafotografica.it\/wp-content\/uploads\/2016\/04\/irene-kung-torre-velasca.jpg\" alt=\"irene-kung-torre-velasca\" width=\"650\" height=\"650\" \/><\/p>\n<h6><em>Che posto occupano il buio e la luce nel suo stile fotografico?<\/em><\/h6>\n<p>Lo studio della luce per me \u00e8 la base della pittura e anche della fotografia e il buio mi permette di illuminare cio che mi piace. Il racconto \u00e8 fatto di luce<\/p>\n<h6><em>Guardando le sue foto traspare un senso di mistero, ma ecco che improvvisamente dal buio appare qualcosa. Una sorpresa per lo spettatore. Ma il buio che sembra isolare il soggetto nell\u2019immagine cosa nasconde?<\/em><\/h6>\n<p>Per me il buio non nasconde, ma \u00e8 una presenza importante quanto il silenzio<\/p>\n<p><img loading=\"lazy\" decoding=\"async\" class=\"aligncenter size-full wp-image-5352\" src=\"http:\/\/www.vacanzafotografica.it\/wp-content\/uploads\/2016\/04\/12714213_939643109454897_1737316703_n.jpg\" alt=\"12714213_939643109454897_1737316703_n\" width=\"900\" height=\"529\" \/><\/p>\n<h6><em>C\u2019\u00e8 un lavoro fotografico che la rappresenta pi\u00f9 di altri?<\/em><\/h6>\n<p>In quanto pittrice, ogni mio lavoro rispecchia la mia personalit\u00e0. La mia non \u00e8 quella che si intende storicamente come fotografia, ma \u00e8 il risultato di quello che si puo fare oggi con la foto digitale. Tutto sommato il mio lavoro \u00e8 piu pittorico che fotografico.<\/p>\n<h6><em>Cosa deve contenere una fotografia perch\u00e9 lei la possa definire efficace?<\/em><\/h6>\n<p>Dev\u2019essere misteriosa e mi deve toccare nell\u2019anima.<\/p>\n<h6><em>\u00a0<\/em><em>Ha un sogno, un desiderio da realizzare legato alla sua professione di fotografa?<\/em><\/h6>\n<p>La cosa alla quale tengo molto, \u00e8 proteggere la passione nel fare il mio lavoro. Devo quindi essere autentica nelle mie scelte.<\/p>\n<p><img loading=\"lazy\" decoding=\"async\" class=\"aligncenter size-full wp-image-5356\" src=\"http:\/\/www.vacanzafotografica.it\/wp-content\/uploads\/2016\/04\/Ulivo-Pugliese-e1372930123151.jpg\" alt=\"Ulivo-Pugliese-e1372930123151\" width=\"750\" height=\"500\" \/><\/p>\n<p>&nbsp;<\/p>\n<p style=\"text-align: right;\">Intervista a cura di\u00a0Loris Ghisolfi<\/p>\n","protected":false},"excerpt":{"rendered":"<p>&nbsp; Abbiamo avuto il piacere di intervistare la fotografia e pittrice svizzera Irene Kung. Irene ha la capacit\u00e0 e la maestria di creare immagini surreali, oniriche. Il successo&#8230;<\/p>\n","protected":false},"author":1,"featured_media":5354,"comment_status":"open","ping_status":"open","sticky":false,"template":"","format":"standard","meta":{"pmpro_default_level":"","footnotes":""},"categories":[120,121],"tags":[],"class_list":["post-5351","post","type-post","status-publish","format-standard","has-post-thumbnail","hentry","category-articoli","category-magazine","pmpro-has-access"],"acf":[],"yoast_head":"<!-- This site is optimized with the Yoast SEO plugin v27.4 - https:\/\/yoast.com\/product\/yoast-seo-wordpress\/ -->\n<title>Intervista a Irene Kung - Digital Camera School - Corsi di fotografia<\/title>\n<meta name=\"robots\" content=\"index, follow, max-snippet:-1, max-image-preview:large, max-video-preview:-1\" \/>\n<link rel=\"canonical\" href=\"https:\/\/www.digitalcameraschool.it\/home\/irene-kung-intervista\/\" \/>\n<meta property=\"og:locale\" content=\"it_IT\" \/>\n<meta property=\"og:type\" content=\"article\" \/>\n<meta property=\"og:title\" content=\"Intervista a Irene Kung - Digital Camera School - Corsi di fotografia\" \/>\n<meta property=\"og:description\" content=\"&nbsp; Abbiamo avuto il piacere di intervistare la fotografia e pittrice svizzera Irene Kung. Irene ha la capacit\u00e0 e la maestria di creare immagini surreali, oniriche. Il successo...\" \/>\n<meta property=\"og:url\" content=\"https:\/\/www.digitalcameraschool.it\/home\/irene-kung-intervista\/\" \/>\n<meta property=\"og:site_name\" content=\"Digital Camera School - Corsi di fotografia\" \/>\n<meta property=\"article:publisher\" content=\"https:\/\/www.facebook.com\/digitalcameraschool\" \/>\n<meta property=\"article:published_time\" content=\"2016-04-22T17:00:52+00:00\" \/>\n<meta property=\"og:image\" content=\"https:\/\/www.digitalcameraschool.it\/home\/wp-content\/uploads\/2022\/05\/logo-rotondo-dcs.png\" \/>\n\t<meta property=\"og:image:width\" content=\"500\" \/>\n\t<meta property=\"og:image:height\" content=\"500\" \/>\n\t<meta property=\"og:image:type\" content=\"image\/png\" \/>\n<meta name=\"author\" content=\"admin\" \/>\n<meta name=\"twitter:card\" content=\"summary_large_image\" \/>\n<meta name=\"twitter:label1\" content=\"Scritto da\" \/>\n\t<meta name=\"twitter:data1\" content=\"admin\" \/>\n\t<meta name=\"twitter:label2\" content=\"Tempo di lettura stimato\" \/>\n\t<meta name=\"twitter:data2\" content=\"2 minuti\" \/>\n<script type=\"application\/ld+json\" class=\"yoast-schema-graph\">{\"@context\":\"https:\\\/\\\/schema.org\",\"@graph\":[{\"@type\":\"Article\",\"@id\":\"https:\\\/\\\/www.digitalcameraschool.it\\\/home\\\/irene-kung-intervista\\\/#article\",\"isPartOf\":{\"@id\":\"https:\\\/\\\/www.digitalcameraschool.it\\\/home\\\/irene-kung-intervista\\\/\"},\"author\":{\"name\":\"admin\",\"@id\":\"https:\\\/\\\/www.digitalcameraschool.it\\\/home\\\/#\\\/schema\\\/person\\\/14ad0f307de56d37b91e05ce38cbce4f\"},\"headline\":\"Intervista a Irene Kung\",\"datePublished\":\"2016-04-22T17:00:52+00:00\",\"mainEntityOfPage\":{\"@id\":\"https:\\\/\\\/www.digitalcameraschool.it\\\/home\\\/irene-kung-intervista\\\/\"},\"wordCount\":438,\"commentCount\":0,\"publisher\":{\"@id\":\"https:\\\/\\\/www.digitalcameraschool.it\\\/home\\\/#organization\"},\"image\":{\"@id\":\"https:\\\/\\\/www.digitalcameraschool.it\\\/home\\\/irene-kung-intervista\\\/#primaryimage\"},\"thumbnailUrl\":\"\",\"articleSection\":[\"Articoli\",\"Magazine\"],\"inLanguage\":\"it-IT\",\"potentialAction\":[{\"@type\":\"CommentAction\",\"name\":\"Comment\",\"target\":[\"https:\\\/\\\/www.digitalcameraschool.it\\\/home\\\/irene-kung-intervista\\\/#respond\"]}]},{\"@type\":\"WebPage\",\"@id\":\"https:\\\/\\\/www.digitalcameraschool.it\\\/home\\\/irene-kung-intervista\\\/\",\"url\":\"https:\\\/\\\/www.digitalcameraschool.it\\\/home\\\/irene-kung-intervista\\\/\",\"name\":\"Intervista a Irene Kung - Digital Camera School - Corsi di fotografia\",\"isPartOf\":{\"@id\":\"https:\\\/\\\/www.digitalcameraschool.it\\\/home\\\/#website\"},\"primaryImageOfPage\":{\"@id\":\"https:\\\/\\\/www.digitalcameraschool.it\\\/home\\\/irene-kung-intervista\\\/#primaryimage\"},\"image\":{\"@id\":\"https:\\\/\\\/www.digitalcameraschool.it\\\/home\\\/irene-kung-intervista\\\/#primaryimage\"},\"thumbnailUrl\":\"\",\"datePublished\":\"2016-04-22T17:00:52+00:00\",\"breadcrumb\":{\"@id\":\"https:\\\/\\\/www.digitalcameraschool.it\\\/home\\\/irene-kung-intervista\\\/#breadcrumb\"},\"inLanguage\":\"it-IT\",\"potentialAction\":[{\"@type\":\"ReadAction\",\"target\":[\"https:\\\/\\\/www.digitalcameraschool.it\\\/home\\\/irene-kung-intervista\\\/\"]}]},{\"@type\":\"ImageObject\",\"inLanguage\":\"it-IT\",\"@id\":\"https:\\\/\\\/www.digitalcameraschool.it\\\/home\\\/irene-kung-intervista\\\/#primaryimage\",\"url\":\"\",\"contentUrl\":\"\"},{\"@type\":\"BreadcrumbList\",\"@id\":\"https:\\\/\\\/www.digitalcameraschool.it\\\/home\\\/irene-kung-intervista\\\/#breadcrumb\",\"itemListElement\":[{\"@type\":\"ListItem\",\"position\":1,\"name\":\"Home\",\"item\":\"https:\\\/\\\/www.digitalcameraschool.it\\\/home\\\/\"},{\"@type\":\"ListItem\",\"position\":2,\"name\":\"Intervista a Irene Kung\"}]},{\"@type\":\"WebSite\",\"@id\":\"https:\\\/\\\/www.digitalcameraschool.it\\\/home\\\/#website\",\"url\":\"https:\\\/\\\/www.digitalcameraschool.it\\\/home\\\/\",\"name\":\"Digital Camera School - Corsi di fotografia\",\"description\":\"Corsi, workshop, viaggi e molto altro!\",\"publisher\":{\"@id\":\"https:\\\/\\\/www.digitalcameraschool.it\\\/home\\\/#organization\"},\"potentialAction\":[{\"@type\":\"SearchAction\",\"target\":{\"@type\":\"EntryPoint\",\"urlTemplate\":\"https:\\\/\\\/www.digitalcameraschool.it\\\/home\\\/?s={search_term_string}\"},\"query-input\":{\"@type\":\"PropertyValueSpecification\",\"valueRequired\":true,\"valueName\":\"search_term_string\"}}],\"inLanguage\":\"it-IT\"},{\"@type\":\"Organization\",\"@id\":\"https:\\\/\\\/www.digitalcameraschool.it\\\/home\\\/#organization\",\"name\":\"Digital Camera School\",\"url\":\"https:\\\/\\\/www.digitalcameraschool.it\\\/home\\\/\",\"logo\":{\"@type\":\"ImageObject\",\"inLanguage\":\"it-IT\",\"@id\":\"https:\\\/\\\/www.digitalcameraschool.it\\\/home\\\/#\\\/schema\\\/logo\\\/image\\\/\",\"url\":\"https:\\\/\\\/www.digitalcameraschool.it\\\/home\\\/wp-content\\\/uploads\\\/2022\\\/05\\\/logo-rotondo-dcs.png\",\"contentUrl\":\"https:\\\/\\\/www.digitalcameraschool.it\\\/home\\\/wp-content\\\/uploads\\\/2022\\\/05\\\/logo-rotondo-dcs.png\",\"width\":500,\"height\":500,\"caption\":\"Digital Camera School\"},\"image\":{\"@id\":\"https:\\\/\\\/www.digitalcameraschool.it\\\/home\\\/#\\\/schema\\\/logo\\\/image\\\/\"},\"sameAs\":[\"https:\\\/\\\/www.facebook.com\\\/digitalcameraschool\",\"https:\\\/\\\/www.instagram.com\\\/digital_camera_school\\\/\",\"https:\\\/\\\/www.youtube.com\\\/c\\\/digitalcameraschool_tv\"]},{\"@type\":\"Person\",\"@id\":\"https:\\\/\\\/www.digitalcameraschool.it\\\/home\\\/#\\\/schema\\\/person\\\/14ad0f307de56d37b91e05ce38cbce4f\",\"name\":\"admin\",\"image\":{\"@type\":\"ImageObject\",\"inLanguage\":\"it-IT\",\"@id\":\"https:\\\/\\\/secure.gravatar.com\\\/avatar\\\/09a781b0bc9ccebf47e03b0d3f8669bee8135aefe812c1b4d781dd65956e2b67?s=96&d=mm&r=g\",\"url\":\"https:\\\/\\\/secure.gravatar.com\\\/avatar\\\/09a781b0bc9ccebf47e03b0d3f8669bee8135aefe812c1b4d781dd65956e2b67?s=96&d=mm&r=g\",\"contentUrl\":\"https:\\\/\\\/secure.gravatar.com\\\/avatar\\\/09a781b0bc9ccebf47e03b0d3f8669bee8135aefe812c1b4d781dd65956e2b67?s=96&d=mm&r=g\",\"caption\":\"admin\"},\"sameAs\":[\"https:\\\/\\\/www.digitalcameraschool.it\\\/home\"],\"url\":\"https:\\\/\\\/www.digitalcameraschool.it\\\/home\\\/author\\\/admin\\\/\"}]}<\/script>\n<!-- \/ Yoast SEO plugin. -->","yoast_head_json":{"title":"Intervista a Irene Kung - Digital Camera School - Corsi di fotografia","robots":{"index":"index","follow":"follow","max-snippet":"max-snippet:-1","max-image-preview":"max-image-preview:large","max-video-preview":"max-video-preview:-1"},"canonical":"https:\/\/www.digitalcameraschool.it\/home\/irene-kung-intervista\/","og_locale":"it_IT","og_type":"article","og_title":"Intervista a Irene Kung - Digital Camera School - Corsi di fotografia","og_description":"&nbsp; Abbiamo avuto il piacere di intervistare la fotografia e pittrice svizzera Irene Kung. Irene ha la capacit\u00e0 e la maestria di creare immagini surreali, oniriche. Il successo...","og_url":"https:\/\/www.digitalcameraschool.it\/home\/irene-kung-intervista\/","og_site_name":"Digital Camera School - Corsi di fotografia","article_publisher":"https:\/\/www.facebook.com\/digitalcameraschool","article_published_time":"2016-04-22T17:00:52+00:00","og_image":[{"width":500,"height":500,"url":"https:\/\/www.digitalcameraschool.it\/home\/wp-content\/uploads\/2022\/05\/logo-rotondo-dcs.png","type":"image\/png"}],"author":"admin","twitter_card":"summary_large_image","twitter_misc":{"Scritto da":"admin","Tempo di lettura stimato":"2 minuti"},"schema":{"@context":"https:\/\/schema.org","@graph":[{"@type":"Article","@id":"https:\/\/www.digitalcameraschool.it\/home\/irene-kung-intervista\/#article","isPartOf":{"@id":"https:\/\/www.digitalcameraschool.it\/home\/irene-kung-intervista\/"},"author":{"name":"admin","@id":"https:\/\/www.digitalcameraschool.it\/home\/#\/schema\/person\/14ad0f307de56d37b91e05ce38cbce4f"},"headline":"Intervista a Irene Kung","datePublished":"2016-04-22T17:00:52+00:00","mainEntityOfPage":{"@id":"https:\/\/www.digitalcameraschool.it\/home\/irene-kung-intervista\/"},"wordCount":438,"commentCount":0,"publisher":{"@id":"https:\/\/www.digitalcameraschool.it\/home\/#organization"},"image":{"@id":"https:\/\/www.digitalcameraschool.it\/home\/irene-kung-intervista\/#primaryimage"},"thumbnailUrl":"","articleSection":["Articoli","Magazine"],"inLanguage":"it-IT","potentialAction":[{"@type":"CommentAction","name":"Comment","target":["https:\/\/www.digitalcameraschool.it\/home\/irene-kung-intervista\/#respond"]}]},{"@type":"WebPage","@id":"https:\/\/www.digitalcameraschool.it\/home\/irene-kung-intervista\/","url":"https:\/\/www.digitalcameraschool.it\/home\/irene-kung-intervista\/","name":"Intervista a Irene Kung - Digital Camera School - Corsi di fotografia","isPartOf":{"@id":"https:\/\/www.digitalcameraschool.it\/home\/#website"},"primaryImageOfPage":{"@id":"https:\/\/www.digitalcameraschool.it\/home\/irene-kung-intervista\/#primaryimage"},"image":{"@id":"https:\/\/www.digitalcameraschool.it\/home\/irene-kung-intervista\/#primaryimage"},"thumbnailUrl":"","datePublished":"2016-04-22T17:00:52+00:00","breadcrumb":{"@id":"https:\/\/www.digitalcameraschool.it\/home\/irene-kung-intervista\/#breadcrumb"},"inLanguage":"it-IT","potentialAction":[{"@type":"ReadAction","target":["https:\/\/www.digitalcameraschool.it\/home\/irene-kung-intervista\/"]}]},{"@type":"ImageObject","inLanguage":"it-IT","@id":"https:\/\/www.digitalcameraschool.it\/home\/irene-kung-intervista\/#primaryimage","url":"","contentUrl":""},{"@type":"BreadcrumbList","@id":"https:\/\/www.digitalcameraschool.it\/home\/irene-kung-intervista\/#breadcrumb","itemListElement":[{"@type":"ListItem","position":1,"name":"Home","item":"https:\/\/www.digitalcameraschool.it\/home\/"},{"@type":"ListItem","position":2,"name":"Intervista a Irene Kung"}]},{"@type":"WebSite","@id":"https:\/\/www.digitalcameraschool.it\/home\/#website","url":"https:\/\/www.digitalcameraschool.it\/home\/","name":"Digital Camera School - Corsi di fotografia","description":"Corsi, workshop, viaggi e molto altro!","publisher":{"@id":"https:\/\/www.digitalcameraschool.it\/home\/#organization"},"potentialAction":[{"@type":"SearchAction","target":{"@type":"EntryPoint","urlTemplate":"https:\/\/www.digitalcameraschool.it\/home\/?s={search_term_string}"},"query-input":{"@type":"PropertyValueSpecification","valueRequired":true,"valueName":"search_term_string"}}],"inLanguage":"it-IT"},{"@type":"Organization","@id":"https:\/\/www.digitalcameraschool.it\/home\/#organization","name":"Digital Camera School","url":"https:\/\/www.digitalcameraschool.it\/home\/","logo":{"@type":"ImageObject","inLanguage":"it-IT","@id":"https:\/\/www.digitalcameraschool.it\/home\/#\/schema\/logo\/image\/","url":"https:\/\/www.digitalcameraschool.it\/home\/wp-content\/uploads\/2022\/05\/logo-rotondo-dcs.png","contentUrl":"https:\/\/www.digitalcameraschool.it\/home\/wp-content\/uploads\/2022\/05\/logo-rotondo-dcs.png","width":500,"height":500,"caption":"Digital Camera School"},"image":{"@id":"https:\/\/www.digitalcameraschool.it\/home\/#\/schema\/logo\/image\/"},"sameAs":["https:\/\/www.facebook.com\/digitalcameraschool","https:\/\/www.instagram.com\/digital_camera_school\/","https:\/\/www.youtube.com\/c\/digitalcameraschool_tv"]},{"@type":"Person","@id":"https:\/\/www.digitalcameraschool.it\/home\/#\/schema\/person\/14ad0f307de56d37b91e05ce38cbce4f","name":"admin","image":{"@type":"ImageObject","inLanguage":"it-IT","@id":"https:\/\/secure.gravatar.com\/avatar\/09a781b0bc9ccebf47e03b0d3f8669bee8135aefe812c1b4d781dd65956e2b67?s=96&d=mm&r=g","url":"https:\/\/secure.gravatar.com\/avatar\/09a781b0bc9ccebf47e03b0d3f8669bee8135aefe812c1b4d781dd65956e2b67?s=96&d=mm&r=g","contentUrl":"https:\/\/secure.gravatar.com\/avatar\/09a781b0bc9ccebf47e03b0d3f8669bee8135aefe812c1b4d781dd65956e2b67?s=96&d=mm&r=g","caption":"admin"},"sameAs":["https:\/\/www.digitalcameraschool.it\/home"],"url":"https:\/\/www.digitalcameraschool.it\/home\/author\/admin\/"}]}},"_links":{"self":[{"href":"https:\/\/www.digitalcameraschool.it\/home\/wp-json\/wp\/v2\/posts\/5351","targetHints":{"allow":["GET"]}}],"collection":[{"href":"https:\/\/www.digitalcameraschool.it\/home\/wp-json\/wp\/v2\/posts"}],"about":[{"href":"https:\/\/www.digitalcameraschool.it\/home\/wp-json\/wp\/v2\/types\/post"}],"author":[{"embeddable":true,"href":"https:\/\/www.digitalcameraschool.it\/home\/wp-json\/wp\/v2\/users\/1"}],"replies":[{"embeddable":true,"href":"https:\/\/www.digitalcameraschool.it\/home\/wp-json\/wp\/v2\/comments?post=5351"}],"version-history":[{"count":0,"href":"https:\/\/www.digitalcameraschool.it\/home\/wp-json\/wp\/v2\/posts\/5351\/revisions"}],"wp:featuredmedia":[{"embeddable":true,"href":"https:\/\/www.digitalcameraschool.it\/home\/wp-json\/"}],"wp:attachment":[{"href":"https:\/\/www.digitalcameraschool.it\/home\/wp-json\/wp\/v2\/media?parent=5351"}],"wp:term":[{"taxonomy":"category","embeddable":true,"href":"https:\/\/www.digitalcameraschool.it\/home\/wp-json\/wp\/v2\/categories?post=5351"},{"taxonomy":"post_tag","embeddable":true,"href":"https:\/\/www.digitalcameraschool.it\/home\/wp-json\/wp\/v2\/tags?post=5351"}],"curies":[{"name":"wp","href":"https:\/\/api.w.org\/{rel}","templated":true}]}}