{"id":19510,"date":"2020-08-28T15:53:59","date_gmt":"2020-08-28T13:53:59","guid":{"rendered":"http:\/\/www.vacanzafotografica.it\/?p=19510"},"modified":"2020-08-28T15:53:59","modified_gmt":"2020-08-28T13:53:59","slug":"idee-e-viaggi-oggi-fotografiamo-tre-cime-di-lavaredo-parco-naturale-delle-tre-cime-di-lavaredo","status":"publish","type":"post","link":"https:\/\/www.digitalcameraschool.it\/home\/idee-e-viaggi-oggi-fotografiamo-tre-cime-di-lavaredo-parco-naturale-delle-tre-cime-di-lavaredo\/","title":{"rendered":"Idee e Viaggi. Oggi fotografiamo: Tre Cime di Lavaredo \/\/ Parco Naturale delle Tre Cime di Lavaredo"},"content":{"rendered":"<p><strong>Dove Siamo e come arrivare<\/strong><\/p>\n<p>Ci troviamo tra le Dolomiti di Sesto e quelle di Auronzo di Cadore in alta Val Puseteria tra le provincie di Belluno e quella di Bolzano.<\/p>\n<p>La strada in auto \u00e8 molto bella arrivati a Misurina si prende per la strada panoramica delle Tre Cime, il suo ingresso per le auto attualmente ha un prezzo di 30,00 euro al giorno.<\/p>\n<p>La strada panoramica percorribile in auto permette di arrivare fino al Rifugio Auronzo 2.333m \u00e8 il primo rifugio che incontriamo da qui parte la bellissima passeggiata di circa 1h30 minuti su strada di montagna con un dislivello di 200mt circa che porta al rifugio Locatelli.<\/p>\n<p>&nbsp;<\/p>\n\n\n<p>La passeggiata \u00e8 facile e non presenta nessuna difficolt\u00e0 se non quella di fare attenzione a dove si mettono i piedi e di portare con se solo il necessario. Per i fotografi il sentiero da i giusti spazi per potersi fermare a fare magnifiche fotografie al superbo percorso. Lungo il sentiero incrociamo anche il rifugio Lavaredo. Inutile dire che in tutti i rifugi si mangia magnificamente.<\/p>\n<p>&nbsp;<\/p>\n<figure id=\"attachment_19537\" aria-describedby=\"caption-attachment-19537\" style=\"width: 620px\" class=\"wp-caption aligncenter\"><img loading=\"lazy\" decoding=\"async\" class=\"size-medium wp-image-19537\" src=\"http:\/\/www.vacanzafotografica.it\/wp-content\/uploads\/2020\/08\/DSF3199_1_1-620x414.jpg\" alt=\"\" width=\"620\" height=\"414\"><figcaption id=\"caption-attachment-19537\" class=\"wp-caption-text\">Rifugio Locatelli compito dal sole.<\/figcaption><\/figure>\n<p>&nbsp;<\/p>\n\n<p>Proseguendo con in sentiero dopo 50 minuti si arriva alla forcella di Lavaredo con la veduta classica delle Tre Cime!!!<\/p>\n\n<p>Le passeggiate sono diverse e si pu\u00f2 arrivare alla parete Ovest con le sorgenti del Fiume Rienza.<\/p>\n<p>&nbsp;<\/p>\n<figure id=\"attachment_19527\" aria-describedby=\"caption-attachment-19527\" style=\"width: 617px\" class=\"wp-caption aligncenter\"><img loading=\"lazy\" decoding=\"async\" class=\"size-medium wp-image-19527\" src=\"http:\/\/www.vacanzafotografica.it\/wp-content\/uploads\/2020\/08\/AdobeStock_290379712-2-620x653.jpg\" alt=\"\" width=\"617\" height=\"650\"><figcaption id=\"caption-attachment-19527\" class=\"wp-caption-text\">Sorgenti della Rienza &#8211; Vista dalla parete Ovest<\/figcaption><\/figure>\n<p>Qui il link di maps per raggiungere il luogo: <a href=\"https:\/\/goo.gl\/maps\/d5z2EFNRUMYsQiKk6\">https:\/\/goo.gl\/maps\/GRtQ3B6sVKnYXBVx9<\/a><\/p>\n<p><strong>Cenni sul luogo&nbsp;&nbsp;<\/strong><\/p>\n<p>Le Tre Cime di Lavaredo sono uno dei simboli delle Dolomiti, tra le montagne e pareti rocciose pi\u00f9 bella al mondo. Questo luogo storicamente \u00e8 stato scenario della grande guerra tra il 1915 e il 1917 ed \u00e8 possibile vedere gallerie e trincee. Il luogo viene visitato tutti gli anni da migliaia di persone, alpinisti, turisti, amanti di trekking e ovviamente fotografi.<\/p>\n<p>I periodi con meno persone sono giugno e settembre.<\/p>\n<p>Verificate le aperture dei rifugi perch\u00e8 il Locatelli apre a Luglio e quindi rifornimenti bisogna averli con se. Molto interessante pu\u00f2 essere anche campeggiare per godersi appieno le sessioni fotografiche. Da fare attenzione alle temperature perch\u00e8 le temperature possono arrivare vicino allo zero anche in estate.<\/p>\n<p><strong>Perch\u00e8 andare alle Tre Cime di Lavaredo per fare fotografie?<\/strong><\/p>\n<p>Credo che questa domanda abbia poco senso, basta guardarle per capire che qui si faranno fotografie e si vedranno luoghi indimenticabili, anzi, luoghi in cui vorrete tornare, almeno a me succede cos\u00ec, ogni anno con mio figlio Stefano (il quale, per ora,&nbsp; non \u00e8 appassionato di fotografia &#8220;ci auguriamo che cambi idea&#8221;) torniamo sulle Tre Cime per fare una passeggiata per visitare il posto, qualche foto di rito, una volata con il drone e tutti poi davanti ad un piatto di polenta.<\/p>\n<p>Ma torniamo alle foto, la sua visione classica ha qualche cosa di magico, ma vi posso assicurare che da quando parcheggerete l&#8217;auto al piazzale del Rifugio Auronzo da li sar\u00e0 un percorso con continui spunti fotografici, in questo luogo c&#8217;\u00e8 impregnata cos\u00ec tanta bellezza che \u00e8 da lasciare senza fiato.<\/p>\n<p>&nbsp;<\/p>\n<figure id=\"attachment_19528\" aria-describedby=\"caption-attachment-19528\" style=\"width: 433px\" class=\"wp-caption aligncenter\"><img loading=\"lazy\" decoding=\"async\" class=\"size-medium wp-image-19528\" src=\"http:\/\/www.vacanzafotografica.it\/wp-content\/uploads\/2020\/08\/IMG_7190-620x930.jpg\" alt=\"\" width=\"433\" height=\"650\"><figcaption id=\"caption-attachment-19528\" class=\"wp-caption-text\">Foto ad infrarossi &#8211; Filtro Haida 720nm<\/figcaption><\/figure>\n<p>La fotografia notturna qui \u00e8 strepitosa dove la via Lattea \u00e8 visibile da dietro le Tre Cime. Quindi controllate le fasi lunari e di come si presenta la Via Lattea.<\/p>\n<p>&nbsp;<\/p>\n<figure id=\"attachment_19529\" aria-describedby=\"caption-attachment-19529\" style=\"width: 620px\" class=\"wp-caption aligncenter\"><img loading=\"lazy\" decoding=\"async\" class=\"size-medium wp-image-19529\" src=\"http:\/\/www.vacanzafotografica.it\/wp-content\/uploads\/2020\/08\/DSC02135-copia2_1-copia-620x414.jpg\" alt=\"\" width=\"620\" height=\"414\"><figcaption id=\"caption-attachment-19529\" class=\"wp-caption-text\">12 mm f 2.8 ISO 3200 20&#8243; &#8211; Visione delle Tre Cime con il Monte Paterno &#8211;<\/figcaption><\/figure>\n<p>&nbsp;<\/p>\n\n\n<p>Alle spalle del Rifugio Locatelli si trova la Piana dei Laghi dove \u00e8 possibile fotografare i laghi con il riflesso del monte Paterno, nel mese di Giugno \u00e8 facile trovarli ancora ghiacciati.<\/p>\n<figure id=\"attachment_19541\" aria-describedby=\"caption-attachment-19541\" style=\"width: 620px\" class=\"wp-caption aligncenter\"><img loading=\"lazy\" decoding=\"async\" class=\"wp-image-19541 size-medium\" src=\"http:\/\/www.vacanzafotografica.it\/wp-content\/uploads\/2020\/08\/DSC03334_1-620x414.jpg\" alt=\"Piana dei Laghi all'alba\" width=\"620\" height=\"414\"><figcaption id=\"caption-attachment-19541\" class=\"wp-caption-text\">Piana dei Laghi all&#8217;alba<\/figcaption><\/figure>\n\n<p>&nbsp;<\/p>\n<p><strong>Cucina tipica<\/strong><\/p>\n<p>La cucina \u00e8 classica nei rifugi, zuppe, polenta, brasati, funghi dolci meravigliosi. Anche le grappe si fanno amare, in particolar modo quelle al Pino Mugo al Ginepro ed al Fieno.<\/p>\n<p><strong>Info generiche<\/strong><\/p>\n<p>Il telefono non ha una buona copertura. Attenzione alla temperatura che si sera anche in estate potrebbe andare vicino allo zero.<\/p>\n<p>&nbsp;<\/p>\n<p><strong><img loading=\"lazy\" decoding=\"async\" class=\"aligncenter wp-image-19549 size-medium\" src=\"http:\/\/www.vacanzafotografica.it\/wp-content\/uploads\/2020\/08\/IMG_7193-e1598631175134-620x402.jpg\" alt=\"\" width=\"620\" height=\"402\"><\/strong><\/p>\n<p>&nbsp;<\/p>\n<p><strong>Attrezzatura utili<\/strong><\/p>\n<p>Obiettivi: dal grandangolare al Teleobiettivo<br \/>\nFiltri:&nbsp; il polarizzatore o ND se si vogliono fare lunghe esposizioni con le nuvole<br \/>\nTreppiede: indispensabile in caso di poca luce o lunghe esposizioni<\/p>\n<p><strong>I Rifugi:<\/strong><\/p>\n<p>Per chi non l&#8217;ha mai fatto pernottare in un rifugio vuol dire, dover probabilmente condividere la camera, avere in bagno in comune e pagare per la doccia calda. Ricordarsi di portare il sacco a pelo ed asciugamani.<\/p>\n<p>Alle 22:30\/23:00 nei rifugi spengono il generatore quindi non c&#8217;\u00e8 corrente nelle camere, quindi attenzione se dovete ricaricare batterie della fotocamera o il cellulare.<\/p>\n<p><strong>Chiedimi pure:<\/strong><\/p>\n<p>Articolo e foto di: Marco Lecchi<br \/>\nFacebook:&nbsp;https:\/\/www.facebook.com\/marco.lecchi.5<br \/>\nInstagram: https:\/\/www.instagram.com\/marco_digital_camera\/<br \/>\nMail: marco@vacanzafotografica.it<\/p>\n<p><strong>Suggerimenti organizzativi:<\/strong><\/p>\n<p>Volendo includere anche la fotografia notturna si pu\u00f2 arrivare al rifugio Locatelli prima del tramonto e una volta finita la sessione notturna rientrare di notte e soggiornare dove meglio si crede.<\/p>\n<p><strong>Da includere:<\/strong><\/p>\n<p>Una volta li nei pressi di Misurina vi consiglio di fotografare il lago d&#8217;Antorno con il riflesso delle Tre Cime:<\/p>\n<p><img loading=\"lazy\" decoding=\"async\" class=\"size-medium wp-image-19554 aligncenter\" src=\"http:\/\/www.vacanzafotografica.it\/wp-content\/uploads\/2020\/08\/DSC07663_1-620x930.jpg\" alt=\"\" width=\"433\" height=\"650\"><\/p>\n<p>&nbsp;<\/p>\n\n<p>&nbsp;<\/p>\n<p>Certo che li a questo punto vale la pena fare una bella fotografia al Lago Misurina:<\/p>\n\n<p>&nbsp;<\/p>\n<p><strong>Segui i nostri viaggi fotografici, corsi e workshop.<\/strong><\/p>\n<p><a href=\"http:\/\/www.vacanzafotografica.it\/workshop\/\"><img loading=\"lazy\" decoding=\"async\" class=\"wp-image-15198 size-medium aligncenter\" src=\"http:\/\/www.vacanzafotografica.it\/wp-content\/uploads\/2019\/12\/banner_2-620x153.jpg\" sizes=\"auto, (max-width: 620px) 100vw, 620px\" srcset=\"http:\/\/www.vacanzafotografica.it\/wp-content\/uploads\/2019\/12\/banner_2-620x153.jpg 620w, http:\/\/www.vacanzafotografica.it\/wp-content\/uploads\/2019\/12\/banner_2-768x190.jpg 768w, http:\/\/www.vacanzafotografica.it\/wp-content\/uploads\/2019\/12\/banner_2-940x232.jpg 940w, http:\/\/www.vacanzafotografica.it\/wp-content\/uploads\/2019\/12\/banner_2-195x48.jpg 195w, http:\/\/www.vacanzafotografica.it\/wp-content\/uploads\/2019\/12\/banner_2-600x148.jpg 600w, http:\/\/www.vacanzafotografica.it\/wp-content\/uploads\/2019\/12\/banner_2.jpg 1000w\" alt=\"\" width=\"620\" height=\"153\"><\/a><\/p>\n<p>&nbsp;<\/p>\n<p>&nbsp;<\/p>\n","protected":false},"excerpt":{"rendered":"<p>Dove Siamo e come arrivare Ci troviamo tra le Dolomiti di Sesto e quelle di Auronzo di Cadore in alta Val Puseteria tra le provincie di Belluno e&#8230;<\/p>\n","protected":false},"author":1,"featured_media":20579,"comment_status":"closed","ping_status":"open","sticky":false,"template":"","format":"standard","meta":{"pmpro_default_level":"","footnotes":""},"categories":[120],"tags":[],"class_list":["post-19510","post","type-post","status-publish","format-standard","has-post-thumbnail","hentry","category-articoli","pmpro-has-access"],"acf":[],"yoast_head":"<!-- This site is optimized with the Yoast SEO plugin v27.4 - https:\/\/yoast.com\/product\/yoast-seo-wordpress\/ -->\n<title>Idee e Viaggi. Oggi fotografiamo: Tre Cime di Lavaredo \/\/ Parco Naturale delle Tre Cime di Lavaredo - Digital Camera School - Corsi di fotografia<\/title>\n<meta name=\"robots\" content=\"index, follow, max-snippet:-1, max-image-preview:large, max-video-preview:-1\" \/>\n<link rel=\"canonical\" href=\"https:\/\/www.digitalcameraschool.it\/home\/idee-e-viaggi-oggi-fotografiamo-tre-cime-di-lavaredo-parco-naturale-delle-tre-cime-di-lavaredo\/\" \/>\n<meta property=\"og:locale\" content=\"it_IT\" \/>\n<meta property=\"og:type\" content=\"article\" \/>\n<meta property=\"og:title\" content=\"Idee e Viaggi. Oggi fotografiamo: Tre Cime di Lavaredo \/\/ Parco Naturale delle Tre Cime di Lavaredo - Digital Camera School - Corsi di fotografia\" \/>\n<meta property=\"og:description\" content=\"Dove Siamo e come arrivare Ci troviamo tra le Dolomiti di Sesto e quelle di Auronzo di Cadore in alta Val Puseteria tra le provincie di Belluno e...\" \/>\n<meta property=\"og:url\" content=\"https:\/\/www.digitalcameraschool.it\/home\/idee-e-viaggi-oggi-fotografiamo-tre-cime-di-lavaredo-parco-naturale-delle-tre-cime-di-lavaredo\/\" \/>\n<meta property=\"og:site_name\" content=\"Digital Camera School - Corsi di fotografia\" \/>\n<meta property=\"article:publisher\" content=\"https:\/\/www.facebook.com\/digitalcameraschool\" \/>\n<meta property=\"article:published_time\" content=\"2020-08-28T13:53:59+00:00\" \/>\n<meta property=\"og:image\" content=\"https:\/\/www.digitalcameraschool.it\/home\/wp-content\/uploads\/2022\/05\/logo-rotondo-dcs.png\" \/>\n\t<meta property=\"og:image:width\" content=\"500\" \/>\n\t<meta property=\"og:image:height\" content=\"500\" \/>\n\t<meta property=\"og:image:type\" content=\"image\/png\" \/>\n<meta name=\"author\" content=\"admin\" \/>\n<meta name=\"twitter:card\" content=\"summary_large_image\" \/>\n<meta name=\"twitter:label1\" content=\"Scritto da\" \/>\n\t<meta name=\"twitter:data1\" content=\"admin\" \/>\n\t<meta name=\"twitter:label2\" content=\"Tempo di lettura stimato\" \/>\n\t<meta name=\"twitter:data2\" content=\"5 minuti\" \/>\n<script type=\"application\/ld+json\" class=\"yoast-schema-graph\">{\"@context\":\"https:\\\/\\\/schema.org\",\"@graph\":[{\"@type\":\"Article\",\"@id\":\"https:\\\/\\\/www.digitalcameraschool.it\\\/home\\\/idee-e-viaggi-oggi-fotografiamo-tre-cime-di-lavaredo-parco-naturale-delle-tre-cime-di-lavaredo\\\/#article\",\"isPartOf\":{\"@id\":\"https:\\\/\\\/www.digitalcameraschool.it\\\/home\\\/idee-e-viaggi-oggi-fotografiamo-tre-cime-di-lavaredo-parco-naturale-delle-tre-cime-di-lavaredo\\\/\"},\"author\":{\"name\":\"admin\",\"@id\":\"https:\\\/\\\/www.digitalcameraschool.it\\\/home\\\/#\\\/schema\\\/person\\\/14ad0f307de56d37b91e05ce38cbce4f\"},\"headline\":\"Idee e Viaggi. Oggi fotografiamo: Tre Cime di Lavaredo \\\/\\\/ Parco Naturale delle Tre Cime di Lavaredo\",\"datePublished\":\"2020-08-28T13:53:59+00:00\",\"mainEntityOfPage\":{\"@id\":\"https:\\\/\\\/www.digitalcameraschool.it\\\/home\\\/idee-e-viaggi-oggi-fotografiamo-tre-cime-di-lavaredo-parco-naturale-delle-tre-cime-di-lavaredo\\\/\"},\"wordCount\":961,\"publisher\":{\"@id\":\"https:\\\/\\\/www.digitalcameraschool.it\\\/home\\\/#organization\"},\"image\":{\"@id\":\"https:\\\/\\\/www.digitalcameraschool.it\\\/home\\\/idee-e-viaggi-oggi-fotografiamo-tre-cime-di-lavaredo-parco-naturale-delle-tre-cime-di-lavaredo\\\/#primaryimage\"},\"thumbnailUrl\":\"\",\"articleSection\":[\"Articoli\"],\"inLanguage\":\"it-IT\"},{\"@type\":\"WebPage\",\"@id\":\"https:\\\/\\\/www.digitalcameraschool.it\\\/home\\\/idee-e-viaggi-oggi-fotografiamo-tre-cime-di-lavaredo-parco-naturale-delle-tre-cime-di-lavaredo\\\/\",\"url\":\"https:\\\/\\\/www.digitalcameraschool.it\\\/home\\\/idee-e-viaggi-oggi-fotografiamo-tre-cime-di-lavaredo-parco-naturale-delle-tre-cime-di-lavaredo\\\/\",\"name\":\"Idee e Viaggi. Oggi fotografiamo: Tre Cime di Lavaredo \\\/\\\/ Parco Naturale delle Tre Cime di Lavaredo - Digital Camera School - Corsi di fotografia\",\"isPartOf\":{\"@id\":\"https:\\\/\\\/www.digitalcameraschool.it\\\/home\\\/#website\"},\"primaryImageOfPage\":{\"@id\":\"https:\\\/\\\/www.digitalcameraschool.it\\\/home\\\/idee-e-viaggi-oggi-fotografiamo-tre-cime-di-lavaredo-parco-naturale-delle-tre-cime-di-lavaredo\\\/#primaryimage\"},\"image\":{\"@id\":\"https:\\\/\\\/www.digitalcameraschool.it\\\/home\\\/idee-e-viaggi-oggi-fotografiamo-tre-cime-di-lavaredo-parco-naturale-delle-tre-cime-di-lavaredo\\\/#primaryimage\"},\"thumbnailUrl\":\"\",\"datePublished\":\"2020-08-28T13:53:59+00:00\",\"breadcrumb\":{\"@id\":\"https:\\\/\\\/www.digitalcameraschool.it\\\/home\\\/idee-e-viaggi-oggi-fotografiamo-tre-cime-di-lavaredo-parco-naturale-delle-tre-cime-di-lavaredo\\\/#breadcrumb\"},\"inLanguage\":\"it-IT\",\"potentialAction\":[{\"@type\":\"ReadAction\",\"target\":[\"https:\\\/\\\/www.digitalcameraschool.it\\\/home\\\/idee-e-viaggi-oggi-fotografiamo-tre-cime-di-lavaredo-parco-naturale-delle-tre-cime-di-lavaredo\\\/\"]}]},{\"@type\":\"ImageObject\",\"inLanguage\":\"it-IT\",\"@id\":\"https:\\\/\\\/www.digitalcameraschool.it\\\/home\\\/idee-e-viaggi-oggi-fotografiamo-tre-cime-di-lavaredo-parco-naturale-delle-tre-cime-di-lavaredo\\\/#primaryimage\",\"url\":\"\",\"contentUrl\":\"\"},{\"@type\":\"BreadcrumbList\",\"@id\":\"https:\\\/\\\/www.digitalcameraschool.it\\\/home\\\/idee-e-viaggi-oggi-fotografiamo-tre-cime-di-lavaredo-parco-naturale-delle-tre-cime-di-lavaredo\\\/#breadcrumb\",\"itemListElement\":[{\"@type\":\"ListItem\",\"position\":1,\"name\":\"Home\",\"item\":\"https:\\\/\\\/www.digitalcameraschool.it\\\/home\\\/\"},{\"@type\":\"ListItem\",\"position\":2,\"name\":\"Idee e Viaggi. Oggi fotografiamo: Tre Cime di Lavaredo \\\/\\\/ Parco Naturale delle Tre Cime di Lavaredo\"}]},{\"@type\":\"WebSite\",\"@id\":\"https:\\\/\\\/www.digitalcameraschool.it\\\/home\\\/#website\",\"url\":\"https:\\\/\\\/www.digitalcameraschool.it\\\/home\\\/\",\"name\":\"Digital Camera School - Corsi di fotografia\",\"description\":\"Corsi, workshop, viaggi e molto altro!\",\"publisher\":{\"@id\":\"https:\\\/\\\/www.digitalcameraschool.it\\\/home\\\/#organization\"},\"potentialAction\":[{\"@type\":\"SearchAction\",\"target\":{\"@type\":\"EntryPoint\",\"urlTemplate\":\"https:\\\/\\\/www.digitalcameraschool.it\\\/home\\\/?s={search_term_string}\"},\"query-input\":{\"@type\":\"PropertyValueSpecification\",\"valueRequired\":true,\"valueName\":\"search_term_string\"}}],\"inLanguage\":\"it-IT\"},{\"@type\":\"Organization\",\"@id\":\"https:\\\/\\\/www.digitalcameraschool.it\\\/home\\\/#organization\",\"name\":\"Digital Camera School\",\"url\":\"https:\\\/\\\/www.digitalcameraschool.it\\\/home\\\/\",\"logo\":{\"@type\":\"ImageObject\",\"inLanguage\":\"it-IT\",\"@id\":\"https:\\\/\\\/www.digitalcameraschool.it\\\/home\\\/#\\\/schema\\\/logo\\\/image\\\/\",\"url\":\"https:\\\/\\\/www.digitalcameraschool.it\\\/home\\\/wp-content\\\/uploads\\\/2022\\\/05\\\/logo-rotondo-dcs.png\",\"contentUrl\":\"https:\\\/\\\/www.digitalcameraschool.it\\\/home\\\/wp-content\\\/uploads\\\/2022\\\/05\\\/logo-rotondo-dcs.png\",\"width\":500,\"height\":500,\"caption\":\"Digital Camera School\"},\"image\":{\"@id\":\"https:\\\/\\\/www.digitalcameraschool.it\\\/home\\\/#\\\/schema\\\/logo\\\/image\\\/\"},\"sameAs\":[\"https:\\\/\\\/www.facebook.com\\\/digitalcameraschool\",\"https:\\\/\\\/www.instagram.com\\\/digital_camera_school\\\/\",\"https:\\\/\\\/www.youtube.com\\\/c\\\/digitalcameraschool_tv\"]},{\"@type\":\"Person\",\"@id\":\"https:\\\/\\\/www.digitalcameraschool.it\\\/home\\\/#\\\/schema\\\/person\\\/14ad0f307de56d37b91e05ce38cbce4f\",\"name\":\"admin\",\"image\":{\"@type\":\"ImageObject\",\"inLanguage\":\"it-IT\",\"@id\":\"https:\\\/\\\/secure.gravatar.com\\\/avatar\\\/09a781b0bc9ccebf47e03b0d3f8669bee8135aefe812c1b4d781dd65956e2b67?s=96&d=mm&r=g\",\"url\":\"https:\\\/\\\/secure.gravatar.com\\\/avatar\\\/09a781b0bc9ccebf47e03b0d3f8669bee8135aefe812c1b4d781dd65956e2b67?s=96&d=mm&r=g\",\"contentUrl\":\"https:\\\/\\\/secure.gravatar.com\\\/avatar\\\/09a781b0bc9ccebf47e03b0d3f8669bee8135aefe812c1b4d781dd65956e2b67?s=96&d=mm&r=g\",\"caption\":\"admin\"},\"sameAs\":[\"https:\\\/\\\/www.digitalcameraschool.it\\\/home\"],\"url\":\"https:\\\/\\\/www.digitalcameraschool.it\\\/home\\\/author\\\/admin\\\/\"}]}<\/script>\n<!-- \/ Yoast SEO plugin. -->","yoast_head_json":{"title":"Idee e Viaggi. Oggi fotografiamo: Tre Cime di Lavaredo \/\/ Parco Naturale delle Tre Cime di Lavaredo - Digital Camera School - Corsi di fotografia","robots":{"index":"index","follow":"follow","max-snippet":"max-snippet:-1","max-image-preview":"max-image-preview:large","max-video-preview":"max-video-preview:-1"},"canonical":"https:\/\/www.digitalcameraschool.it\/home\/idee-e-viaggi-oggi-fotografiamo-tre-cime-di-lavaredo-parco-naturale-delle-tre-cime-di-lavaredo\/","og_locale":"it_IT","og_type":"article","og_title":"Idee e Viaggi. Oggi fotografiamo: Tre Cime di Lavaredo \/\/ Parco Naturale delle Tre Cime di Lavaredo - Digital Camera School - Corsi di fotografia","og_description":"Dove Siamo e come arrivare Ci troviamo tra le Dolomiti di Sesto e quelle di Auronzo di Cadore in alta Val Puseteria tra le provincie di Belluno e...","og_url":"https:\/\/www.digitalcameraschool.it\/home\/idee-e-viaggi-oggi-fotografiamo-tre-cime-di-lavaredo-parco-naturale-delle-tre-cime-di-lavaredo\/","og_site_name":"Digital Camera School - Corsi di fotografia","article_publisher":"https:\/\/www.facebook.com\/digitalcameraschool","article_published_time":"2020-08-28T13:53:59+00:00","og_image":[{"width":500,"height":500,"url":"https:\/\/www.digitalcameraschool.it\/home\/wp-content\/uploads\/2022\/05\/logo-rotondo-dcs.png","type":"image\/png"}],"author":"admin","twitter_card":"summary_large_image","twitter_misc":{"Scritto da":"admin","Tempo di lettura stimato":"5 minuti"},"schema":{"@context":"https:\/\/schema.org","@graph":[{"@type":"Article","@id":"https:\/\/www.digitalcameraschool.it\/home\/idee-e-viaggi-oggi-fotografiamo-tre-cime-di-lavaredo-parco-naturale-delle-tre-cime-di-lavaredo\/#article","isPartOf":{"@id":"https:\/\/www.digitalcameraschool.it\/home\/idee-e-viaggi-oggi-fotografiamo-tre-cime-di-lavaredo-parco-naturale-delle-tre-cime-di-lavaredo\/"},"author":{"name":"admin","@id":"https:\/\/www.digitalcameraschool.it\/home\/#\/schema\/person\/14ad0f307de56d37b91e05ce38cbce4f"},"headline":"Idee e Viaggi. Oggi fotografiamo: Tre Cime di Lavaredo \/\/ Parco Naturale delle Tre Cime di Lavaredo","datePublished":"2020-08-28T13:53:59+00:00","mainEntityOfPage":{"@id":"https:\/\/www.digitalcameraschool.it\/home\/idee-e-viaggi-oggi-fotografiamo-tre-cime-di-lavaredo-parco-naturale-delle-tre-cime-di-lavaredo\/"},"wordCount":961,"publisher":{"@id":"https:\/\/www.digitalcameraschool.it\/home\/#organization"},"image":{"@id":"https:\/\/www.digitalcameraschool.it\/home\/idee-e-viaggi-oggi-fotografiamo-tre-cime-di-lavaredo-parco-naturale-delle-tre-cime-di-lavaredo\/#primaryimage"},"thumbnailUrl":"","articleSection":["Articoli"],"inLanguage":"it-IT"},{"@type":"WebPage","@id":"https:\/\/www.digitalcameraschool.it\/home\/idee-e-viaggi-oggi-fotografiamo-tre-cime-di-lavaredo-parco-naturale-delle-tre-cime-di-lavaredo\/","url":"https:\/\/www.digitalcameraschool.it\/home\/idee-e-viaggi-oggi-fotografiamo-tre-cime-di-lavaredo-parco-naturale-delle-tre-cime-di-lavaredo\/","name":"Idee e Viaggi. Oggi fotografiamo: Tre Cime di Lavaredo \/\/ Parco Naturale delle Tre Cime di Lavaredo - Digital Camera School - Corsi di fotografia","isPartOf":{"@id":"https:\/\/www.digitalcameraschool.it\/home\/#website"},"primaryImageOfPage":{"@id":"https:\/\/www.digitalcameraschool.it\/home\/idee-e-viaggi-oggi-fotografiamo-tre-cime-di-lavaredo-parco-naturale-delle-tre-cime-di-lavaredo\/#primaryimage"},"image":{"@id":"https:\/\/www.digitalcameraschool.it\/home\/idee-e-viaggi-oggi-fotografiamo-tre-cime-di-lavaredo-parco-naturale-delle-tre-cime-di-lavaredo\/#primaryimage"},"thumbnailUrl":"","datePublished":"2020-08-28T13:53:59+00:00","breadcrumb":{"@id":"https:\/\/www.digitalcameraschool.it\/home\/idee-e-viaggi-oggi-fotografiamo-tre-cime-di-lavaredo-parco-naturale-delle-tre-cime-di-lavaredo\/#breadcrumb"},"inLanguage":"it-IT","potentialAction":[{"@type":"ReadAction","target":["https:\/\/www.digitalcameraschool.it\/home\/idee-e-viaggi-oggi-fotografiamo-tre-cime-di-lavaredo-parco-naturale-delle-tre-cime-di-lavaredo\/"]}]},{"@type":"ImageObject","inLanguage":"it-IT","@id":"https:\/\/www.digitalcameraschool.it\/home\/idee-e-viaggi-oggi-fotografiamo-tre-cime-di-lavaredo-parco-naturale-delle-tre-cime-di-lavaredo\/#primaryimage","url":"","contentUrl":""},{"@type":"BreadcrumbList","@id":"https:\/\/www.digitalcameraschool.it\/home\/idee-e-viaggi-oggi-fotografiamo-tre-cime-di-lavaredo-parco-naturale-delle-tre-cime-di-lavaredo\/#breadcrumb","itemListElement":[{"@type":"ListItem","position":1,"name":"Home","item":"https:\/\/www.digitalcameraschool.it\/home\/"},{"@type":"ListItem","position":2,"name":"Idee e Viaggi. Oggi fotografiamo: Tre Cime di Lavaredo \/\/ Parco Naturale delle Tre Cime di Lavaredo"}]},{"@type":"WebSite","@id":"https:\/\/www.digitalcameraschool.it\/home\/#website","url":"https:\/\/www.digitalcameraschool.it\/home\/","name":"Digital Camera School - Corsi di fotografia","description":"Corsi, workshop, viaggi e molto altro!","publisher":{"@id":"https:\/\/www.digitalcameraschool.it\/home\/#organization"},"potentialAction":[{"@type":"SearchAction","target":{"@type":"EntryPoint","urlTemplate":"https:\/\/www.digitalcameraschool.it\/home\/?s={search_term_string}"},"query-input":{"@type":"PropertyValueSpecification","valueRequired":true,"valueName":"search_term_string"}}],"inLanguage":"it-IT"},{"@type":"Organization","@id":"https:\/\/www.digitalcameraschool.it\/home\/#organization","name":"Digital Camera School","url":"https:\/\/www.digitalcameraschool.it\/home\/","logo":{"@type":"ImageObject","inLanguage":"it-IT","@id":"https:\/\/www.digitalcameraschool.it\/home\/#\/schema\/logo\/image\/","url":"https:\/\/www.digitalcameraschool.it\/home\/wp-content\/uploads\/2022\/05\/logo-rotondo-dcs.png","contentUrl":"https:\/\/www.digitalcameraschool.it\/home\/wp-content\/uploads\/2022\/05\/logo-rotondo-dcs.png","width":500,"height":500,"caption":"Digital Camera School"},"image":{"@id":"https:\/\/www.digitalcameraschool.it\/home\/#\/schema\/logo\/image\/"},"sameAs":["https:\/\/www.facebook.com\/digitalcameraschool","https:\/\/www.instagram.com\/digital_camera_school\/","https:\/\/www.youtube.com\/c\/digitalcameraschool_tv"]},{"@type":"Person","@id":"https:\/\/www.digitalcameraschool.it\/home\/#\/schema\/person\/14ad0f307de56d37b91e05ce38cbce4f","name":"admin","image":{"@type":"ImageObject","inLanguage":"it-IT","@id":"https:\/\/secure.gravatar.com\/avatar\/09a781b0bc9ccebf47e03b0d3f8669bee8135aefe812c1b4d781dd65956e2b67?s=96&d=mm&r=g","url":"https:\/\/secure.gravatar.com\/avatar\/09a781b0bc9ccebf47e03b0d3f8669bee8135aefe812c1b4d781dd65956e2b67?s=96&d=mm&r=g","contentUrl":"https:\/\/secure.gravatar.com\/avatar\/09a781b0bc9ccebf47e03b0d3f8669bee8135aefe812c1b4d781dd65956e2b67?s=96&d=mm&r=g","caption":"admin"},"sameAs":["https:\/\/www.digitalcameraschool.it\/home"],"url":"https:\/\/www.digitalcameraschool.it\/home\/author\/admin\/"}]}},"_links":{"self":[{"href":"https:\/\/www.digitalcameraschool.it\/home\/wp-json\/wp\/v2\/posts\/19510","targetHints":{"allow":["GET"]}}],"collection":[{"href":"https:\/\/www.digitalcameraschool.it\/home\/wp-json\/wp\/v2\/posts"}],"about":[{"href":"https:\/\/www.digitalcameraschool.it\/home\/wp-json\/wp\/v2\/types\/post"}],"author":[{"embeddable":true,"href":"https:\/\/www.digitalcameraschool.it\/home\/wp-json\/wp\/v2\/users\/1"}],"replies":[{"embeddable":true,"href":"https:\/\/www.digitalcameraschool.it\/home\/wp-json\/wp\/v2\/comments?post=19510"}],"version-history":[{"count":1,"href":"https:\/\/www.digitalcameraschool.it\/home\/wp-json\/wp\/v2\/posts\/19510\/revisions"}],"predecessor-version":[{"id":32011,"href":"https:\/\/www.digitalcameraschool.it\/home\/wp-json\/wp\/v2\/posts\/19510\/revisions\/32011"}],"wp:featuredmedia":[{"embeddable":true,"href":"https:\/\/www.digitalcameraschool.it\/home\/wp-json\/"}],"wp:attachment":[{"href":"https:\/\/www.digitalcameraschool.it\/home\/wp-json\/wp\/v2\/media?parent=19510"}],"wp:term":[{"taxonomy":"category","embeddable":true,"href":"https:\/\/www.digitalcameraschool.it\/home\/wp-json\/wp\/v2\/categories?post=19510"},{"taxonomy":"post_tag","embeddable":true,"href":"https:\/\/www.digitalcameraschool.it\/home\/wp-json\/wp\/v2\/tags?post=19510"}],"curies":[{"name":"wp","href":"https:\/\/api.w.org\/{rel}","templated":true}]}}