{"id":14698,"date":"2019-12-01T17:34:43","date_gmt":"2019-12-01T15:34:43","guid":{"rendered":"http:\/\/www.vacanzafotografica.it\/?p=14698"},"modified":"2019-12-01T17:34:43","modified_gmt":"2019-12-01T15:34:43","slug":"val-di-masino-provincia-di-sondrio-escursione-fotografica-con-i-colori-dautunno","status":"publish","type":"post","link":"https:\/\/www.digitalcameraschool.it\/home\/val-di-masino-provincia-di-sondrio-escursione-fotografica-con-i-colori-dautunno\/","title":{"rendered":"Idee e Viaggi. Oggi fotografiamo: la  Val di Masino provincia di Sondrio in autunno"},"content":{"rendered":"<p><strong>Dove siamo<\/strong><\/p>\n<p>Ci troviamo a pochi chilometri da Sondrio in <strong>Val di Masino <\/strong>e in particolare sulla strada che collega San Martino ai Bagni di Masino&nbsp;una valle che parte dalla principale <strong>Valtellina<\/strong>.<\/p>\n<p><strong>Cenni sul luogo<\/strong><\/p>\n<p>Il torrente Masino scava questa valle, prima di immettersi come affluente nel fiume Adda. Il posto \u00e8 famoso per l&#8217;alpinismo e l&#8217;arrampicata ed anche per i bagni termali. La foresta dei Bagni di Masino a pochi chilometri da Sondrio e circa 2 ore da Milano \u00e8 un luogo per una bellissima escursione fotografica. Sicuramente le stagioni che premiano di pi\u00f9 il luogo sono la primavera e l&#8217;autunno. Questo \u00e8 un luogo molto frequentato dagli alpinisti e scalatori.<\/p>\n\n<p><strong>Come arrivare<\/strong><\/p>\n<p>Il posto si raggiunge facilmente in auto basta impostare: https:\/\/goo.gl\/maps\/eLGDYhGLiWraphqu8 Una volta arrivati a&nbsp;&nbsp;San Martino in Val Masino e superato il centro abitato, la montagna acquista una vista fantastica. Sulla destra della strada Provinciale si pu\u00f2 vedere un ruscello con vari ponti e spiazzi per appostarsi a fare fotografie all&#8217;acqua e divertirsi con i filtri. Ci si pi\u00f9 addentrare anche nella foresta e cogliere particolari e apprezzare la natura circostante.<\/p>\n\n<p><strong>Cosa troviamo da fotografare<\/strong><\/p>\n<p>E&#8217; un luogo denso di possibilit\u00e0 fotografiche, certamente il torrente Masino offre molte possibilit\u00e0 visto la facilit\u00e0 con il quale si pu\u00f2 raggiungere (parcheggi l&#8217;auto lungo la strada ed \u00e8 subito li), si possono trovare diverse cascate ponti che collegano ti permettono di entrare nei boschi. Sono fantastiche le viste delle vette, specie se innevate come il Monte Disgrazia 3678 mt, il monte Pioda 3400 mt circa, Pizzo Liconcio 3033mt, pizzo Cengalo 3364mt. Il percorso da San Martino fino ai bagni di Masino \u00e8 un continuo spunto fotografico ci si pu\u00f2 fermare in continuazione. Quindi possiamo divertici con filtri fotografici per l&#8217;acqua, i dettagli con la fotografia macro, con il teleobiettivo possiamo immortalare le vette e altro.<\/p>\n\n<p>&nbsp;<\/p>\n\n<p>In mezz&#8217;ora di strada con tornanti ben asfaltata si arriva alla foresta di faggi e betulle che in autunno si colorano di un fantastico rosso. Il contrasto tra i tronchi e le foglie creano un gioco di colori notevole.<\/p>\n\n<p><strong>Cosa mangiare e bere<\/strong><\/p>\n<p>Il mangiare e bere locale \u00e8 ottimo pizzocheri e&nbsp;sciat piatti tipici conquistano ogni palato. Il vino rosso tipico della Valtellina \u00e8 fantastico<\/p>\n<p><strong>Dati tecnici<\/strong><\/p>\n<p>Partenza per le foto: San Martino in val di Masino quota 787 mt direzione Bagni di Masino&nbsp;https:\/\/goo.gl\/maps\/g9KQKuqQVRc2odQ89<\/p>\n<p>Punto pi\u00f9 alto Altezza: 1.172 mt<br \/>\nDislivello: circa 400 mt in auto<br \/>\nLunghezza: 17 km in auto<br \/>\nTempo di percorrenza: 30 minuti in auto<br \/>\nDifficolt\u00e0: facile si parcheggi l&#8217;auto e si fa la foto a pochi metri<br \/>\nLocalit\u00e0: Provincia di Sondrio<\/p>\n\n<p>&nbsp;<\/p>\n<p><strong>Attrezzatura utili<\/strong><\/p>\n<p>Obiettivi: dal grandangolare al Teleobiettivo<br \/>\nFiltri: vanno bene dal ND 32 che toglie 5 stop a filtri con densit\u00e0 maggiore per&nbsp; l&#8217;acqua con il movimento. Se si fotografa l&#8217;acqua consigliato sempre un polarizzatore<br \/>\nTreppiede: indispensabile in caso di poca luce o per fare l&#8217;acqua in movimento<br \/>\nDifficolt\u00e0: facile si parcheggi l&#8217;auto e si fa la foto a pochi metri<\/p>\n<p><strong>A cosa fare attenzione<\/strong><\/p>\n<p>In alcuni punti e sono pochi il telefono non ha campo. Siamo in montagna quindi dotazioni invernali e catene per le auto nelle stagioni soggette a neve.<\/p>\n<p><strong>Conclusione finale:<\/strong><\/p>\n<p>La mio suggerimento \u00e8 che bisogna fare un giro in questo e apprezzarlo, se ti piace la fotografia di paesaggio e\/o semplicemente vuoi farti una gita, un photo-tour diciamo, qui trovi tutto e tutto ben attrezzato. Belle le strade, belli i sentieri e ben segnalati, adatto anche ai pi\u00f9 pigri volendo non cammini. da fare \ud83d\ude42<\/p>\n<p><strong>Chiedimi pure:<\/strong><\/p>\n<p>Articolo e foto di: Marco Lecchi<br \/>\nFacebook:&nbsp;https:\/\/www.facebook.com\/marco.lecchi.5<br \/>\nInstagram: https:\/\/www.instagram.com\/marco_digital_camera\/<br \/>\nMail: marco@vacanzafotografica.it<\/p>\n<p>&nbsp;<\/p>\n<p>Vuoi partecipare ad un nostro workshop in Val Masino:<\/p>\n<p>http:\/\/www.vacanzafotografica.it\/uscita-fotografica-di-paesaggio-31-maggio-val-masino\/<\/p>\n<p>&nbsp;<\/p>\n<p>&nbsp;<\/p>\n<p style=\"text-align: center;\"><strong>Segui i nostri viaggi fotografici, corsi e workshop.<\/strong><\/p>\n<p><a href=\"http:\/\/www.vacanzafotografica.it\/workshop\/\"><img loading=\"lazy\" decoding=\"async\" class=\"wp-image-15198 size-medium aligncenter\" src=\"http:\/\/www.vacanzafotografica.it\/wp-content\/uploads\/2019\/12\/banner_2-620x153.jpg\" alt=\"\" width=\"620\" height=\"153\"><\/a><\/p>\n<p>&nbsp;<\/p>\n\n\n<p>&nbsp;<\/p>\n<p>&nbsp;<\/p>\n","protected":false},"excerpt":{"rendered":"<p>Dove siamo Ci troviamo a pochi chilometri da Sondrio in Val di Masino e in particolare sulla strada che collega San Martino ai Bagni di Masino&nbsp;una valle che&#8230;<\/p>\n","protected":false},"author":1,"featured_media":20626,"comment_status":"closed","ping_status":"open","sticky":false,"template":"","format":"standard","meta":{"pmpro_default_level":"","footnotes":""},"categories":[120],"tags":[124,125,126,127],"class_list":["post-14698","post","type-post","status-publish","format-standard","has-post-thumbnail","hentry","category-articoli","tag-corsi-base","tag-foresta-val-masino","tag-val-di-mello","tag-workshop-fotografici","pmpro-has-access"],"acf":[],"yoast_head":"<!-- This site is optimized with the Yoast SEO plugin v27.4 - https:\/\/yoast.com\/product\/yoast-seo-wordpress\/ -->\n<title>Idee e Viaggi. Oggi fotografiamo: la Val di Masino provincia di Sondrio in autunno - Digital Camera School - Corsi di fotografia<\/title>\n<meta name=\"robots\" content=\"index, follow, max-snippet:-1, max-image-preview:large, max-video-preview:-1\" \/>\n<link rel=\"canonical\" href=\"https:\/\/www.digitalcameraschool.it\/home\/val-di-masino-provincia-di-sondrio-escursione-fotografica-con-i-colori-dautunno\/\" \/>\n<meta property=\"og:locale\" content=\"it_IT\" \/>\n<meta property=\"og:type\" content=\"article\" \/>\n<meta property=\"og:title\" content=\"Idee e Viaggi. Oggi fotografiamo: la Val di Masino provincia di Sondrio in autunno - Digital Camera School - Corsi di fotografia\" \/>\n<meta property=\"og:description\" content=\"Dove siamo Ci troviamo a pochi chilometri da Sondrio in Val di Masino e in particolare sulla strada che collega San Martino ai Bagni di Masino&nbsp;una valle che...\" \/>\n<meta property=\"og:url\" content=\"https:\/\/www.digitalcameraschool.it\/home\/val-di-masino-provincia-di-sondrio-escursione-fotografica-con-i-colori-dautunno\/\" \/>\n<meta property=\"og:site_name\" content=\"Digital Camera School - Corsi di fotografia\" \/>\n<meta property=\"article:publisher\" content=\"https:\/\/www.facebook.com\/digitalcameraschool\" \/>\n<meta property=\"article:published_time\" content=\"2019-12-01T15:34:43+00:00\" \/>\n<meta property=\"og:image\" content=\"https:\/\/www.digitalcameraschool.it\/home\/wp-content\/uploads\/2022\/05\/logo-rotondo-dcs.png\" \/>\n\t<meta property=\"og:image:width\" content=\"500\" \/>\n\t<meta property=\"og:image:height\" content=\"500\" \/>\n\t<meta property=\"og:image:type\" content=\"image\/png\" \/>\n<meta name=\"author\" content=\"admin\" \/>\n<meta name=\"twitter:card\" content=\"summary_large_image\" \/>\n<meta name=\"twitter:label1\" content=\"Scritto da\" \/>\n\t<meta name=\"twitter:data1\" content=\"admin\" \/>\n\t<meta name=\"twitter:label2\" content=\"Tempo di lettura stimato\" \/>\n\t<meta name=\"twitter:data2\" content=\"3 minuti\" \/>\n<script type=\"application\/ld+json\" class=\"yoast-schema-graph\">{\"@context\":\"https:\\\/\\\/schema.org\",\"@graph\":[{\"@type\":\"Article\",\"@id\":\"https:\\\/\\\/www.digitalcameraschool.it\\\/home\\\/val-di-masino-provincia-di-sondrio-escursione-fotografica-con-i-colori-dautunno\\\/#article\",\"isPartOf\":{\"@id\":\"https:\\\/\\\/www.digitalcameraschool.it\\\/home\\\/val-di-masino-provincia-di-sondrio-escursione-fotografica-con-i-colori-dautunno\\\/\"},\"author\":{\"name\":\"admin\",\"@id\":\"https:\\\/\\\/www.digitalcameraschool.it\\\/home\\\/#\\\/schema\\\/person\\\/14ad0f307de56d37b91e05ce38cbce4f\"},\"headline\":\"Idee e Viaggi. Oggi fotografiamo: la Val di Masino provincia di Sondrio in autunno\",\"datePublished\":\"2019-12-01T15:34:43+00:00\",\"mainEntityOfPage\":{\"@id\":\"https:\\\/\\\/www.digitalcameraschool.it\\\/home\\\/val-di-masino-provincia-di-sondrio-escursione-fotografica-con-i-colori-dautunno\\\/\"},\"wordCount\":710,\"publisher\":{\"@id\":\"https:\\\/\\\/www.digitalcameraschool.it\\\/home\\\/#organization\"},\"image\":{\"@id\":\"https:\\\/\\\/www.digitalcameraschool.it\\\/home\\\/val-di-masino-provincia-di-sondrio-escursione-fotografica-con-i-colori-dautunno\\\/#primaryimage\"},\"thumbnailUrl\":\"\",\"keywords\":[\"corsi base\",\"foresta val masino\",\"val di mello\",\"workshop fotografici\"],\"articleSection\":[\"Articoli\"],\"inLanguage\":\"it-IT\"},{\"@type\":\"WebPage\",\"@id\":\"https:\\\/\\\/www.digitalcameraschool.it\\\/home\\\/val-di-masino-provincia-di-sondrio-escursione-fotografica-con-i-colori-dautunno\\\/\",\"url\":\"https:\\\/\\\/www.digitalcameraschool.it\\\/home\\\/val-di-masino-provincia-di-sondrio-escursione-fotografica-con-i-colori-dautunno\\\/\",\"name\":\"Idee e Viaggi. Oggi fotografiamo: la Val di Masino provincia di Sondrio in autunno - Digital Camera School - Corsi di fotografia\",\"isPartOf\":{\"@id\":\"https:\\\/\\\/www.digitalcameraschool.it\\\/home\\\/#website\"},\"primaryImageOfPage\":{\"@id\":\"https:\\\/\\\/www.digitalcameraschool.it\\\/home\\\/val-di-masino-provincia-di-sondrio-escursione-fotografica-con-i-colori-dautunno\\\/#primaryimage\"},\"image\":{\"@id\":\"https:\\\/\\\/www.digitalcameraschool.it\\\/home\\\/val-di-masino-provincia-di-sondrio-escursione-fotografica-con-i-colori-dautunno\\\/#primaryimage\"},\"thumbnailUrl\":\"\",\"datePublished\":\"2019-12-01T15:34:43+00:00\",\"breadcrumb\":{\"@id\":\"https:\\\/\\\/www.digitalcameraschool.it\\\/home\\\/val-di-masino-provincia-di-sondrio-escursione-fotografica-con-i-colori-dautunno\\\/#breadcrumb\"},\"inLanguage\":\"it-IT\",\"potentialAction\":[{\"@type\":\"ReadAction\",\"target\":[\"https:\\\/\\\/www.digitalcameraschool.it\\\/home\\\/val-di-masino-provincia-di-sondrio-escursione-fotografica-con-i-colori-dautunno\\\/\"]}]},{\"@type\":\"ImageObject\",\"inLanguage\":\"it-IT\",\"@id\":\"https:\\\/\\\/www.digitalcameraschool.it\\\/home\\\/val-di-masino-provincia-di-sondrio-escursione-fotografica-con-i-colori-dautunno\\\/#primaryimage\",\"url\":\"\",\"contentUrl\":\"\"},{\"@type\":\"BreadcrumbList\",\"@id\":\"https:\\\/\\\/www.digitalcameraschool.it\\\/home\\\/val-di-masino-provincia-di-sondrio-escursione-fotografica-con-i-colori-dautunno\\\/#breadcrumb\",\"itemListElement\":[{\"@type\":\"ListItem\",\"position\":1,\"name\":\"Home\",\"item\":\"https:\\\/\\\/www.digitalcameraschool.it\\\/home\\\/\"},{\"@type\":\"ListItem\",\"position\":2,\"name\":\"Idee e Viaggi. Oggi fotografiamo: la Val di Masino provincia di Sondrio in autunno\"}]},{\"@type\":\"WebSite\",\"@id\":\"https:\\\/\\\/www.digitalcameraschool.it\\\/home\\\/#website\",\"url\":\"https:\\\/\\\/www.digitalcameraschool.it\\\/home\\\/\",\"name\":\"Digital Camera School - Corsi di fotografia\",\"description\":\"Corsi, workshop, viaggi e molto altro!\",\"publisher\":{\"@id\":\"https:\\\/\\\/www.digitalcameraschool.it\\\/home\\\/#organization\"},\"potentialAction\":[{\"@type\":\"SearchAction\",\"target\":{\"@type\":\"EntryPoint\",\"urlTemplate\":\"https:\\\/\\\/www.digitalcameraschool.it\\\/home\\\/?s={search_term_string}\"},\"query-input\":{\"@type\":\"PropertyValueSpecification\",\"valueRequired\":true,\"valueName\":\"search_term_string\"}}],\"inLanguage\":\"it-IT\"},{\"@type\":\"Organization\",\"@id\":\"https:\\\/\\\/www.digitalcameraschool.it\\\/home\\\/#organization\",\"name\":\"Digital Camera School\",\"url\":\"https:\\\/\\\/www.digitalcameraschool.it\\\/home\\\/\",\"logo\":{\"@type\":\"ImageObject\",\"inLanguage\":\"it-IT\",\"@id\":\"https:\\\/\\\/www.digitalcameraschool.it\\\/home\\\/#\\\/schema\\\/logo\\\/image\\\/\",\"url\":\"https:\\\/\\\/www.digitalcameraschool.it\\\/home\\\/wp-content\\\/uploads\\\/2022\\\/05\\\/logo-rotondo-dcs.png\",\"contentUrl\":\"https:\\\/\\\/www.digitalcameraschool.it\\\/home\\\/wp-content\\\/uploads\\\/2022\\\/05\\\/logo-rotondo-dcs.png\",\"width\":500,\"height\":500,\"caption\":\"Digital Camera School\"},\"image\":{\"@id\":\"https:\\\/\\\/www.digitalcameraschool.it\\\/home\\\/#\\\/schema\\\/logo\\\/image\\\/\"},\"sameAs\":[\"https:\\\/\\\/www.facebook.com\\\/digitalcameraschool\",\"https:\\\/\\\/www.instagram.com\\\/digital_camera_school\\\/\",\"https:\\\/\\\/www.youtube.com\\\/c\\\/digitalcameraschool_tv\"]},{\"@type\":\"Person\",\"@id\":\"https:\\\/\\\/www.digitalcameraschool.it\\\/home\\\/#\\\/schema\\\/person\\\/14ad0f307de56d37b91e05ce38cbce4f\",\"name\":\"admin\",\"image\":{\"@type\":\"ImageObject\",\"inLanguage\":\"it-IT\",\"@id\":\"https:\\\/\\\/secure.gravatar.com\\\/avatar\\\/09a781b0bc9ccebf47e03b0d3f8669bee8135aefe812c1b4d781dd65956e2b67?s=96&d=mm&r=g\",\"url\":\"https:\\\/\\\/secure.gravatar.com\\\/avatar\\\/09a781b0bc9ccebf47e03b0d3f8669bee8135aefe812c1b4d781dd65956e2b67?s=96&d=mm&r=g\",\"contentUrl\":\"https:\\\/\\\/secure.gravatar.com\\\/avatar\\\/09a781b0bc9ccebf47e03b0d3f8669bee8135aefe812c1b4d781dd65956e2b67?s=96&d=mm&r=g\",\"caption\":\"admin\"},\"sameAs\":[\"https:\\\/\\\/www.digitalcameraschool.it\\\/home\"],\"url\":\"https:\\\/\\\/www.digitalcameraschool.it\\\/home\\\/author\\\/admin\\\/\"}]}<\/script>\n<!-- \/ Yoast SEO plugin. -->","yoast_head_json":{"title":"Idee e Viaggi. Oggi fotografiamo: la Val di Masino provincia di Sondrio in autunno - Digital Camera School - Corsi di fotografia","robots":{"index":"index","follow":"follow","max-snippet":"max-snippet:-1","max-image-preview":"max-image-preview:large","max-video-preview":"max-video-preview:-1"},"canonical":"https:\/\/www.digitalcameraschool.it\/home\/val-di-masino-provincia-di-sondrio-escursione-fotografica-con-i-colori-dautunno\/","og_locale":"it_IT","og_type":"article","og_title":"Idee e Viaggi. Oggi fotografiamo: la Val di Masino provincia di Sondrio in autunno - Digital Camera School - Corsi di fotografia","og_description":"Dove siamo Ci troviamo a pochi chilometri da Sondrio in Val di Masino e in particolare sulla strada che collega San Martino ai Bagni di Masino&nbsp;una valle che...","og_url":"https:\/\/www.digitalcameraschool.it\/home\/val-di-masino-provincia-di-sondrio-escursione-fotografica-con-i-colori-dautunno\/","og_site_name":"Digital Camera School - Corsi di fotografia","article_publisher":"https:\/\/www.facebook.com\/digitalcameraschool","article_published_time":"2019-12-01T15:34:43+00:00","og_image":[{"width":500,"height":500,"url":"https:\/\/www.digitalcameraschool.it\/home\/wp-content\/uploads\/2022\/05\/logo-rotondo-dcs.png","type":"image\/png"}],"author":"admin","twitter_card":"summary_large_image","twitter_misc":{"Scritto da":"admin","Tempo di lettura stimato":"3 minuti"},"schema":{"@context":"https:\/\/schema.org","@graph":[{"@type":"Article","@id":"https:\/\/www.digitalcameraschool.it\/home\/val-di-masino-provincia-di-sondrio-escursione-fotografica-con-i-colori-dautunno\/#article","isPartOf":{"@id":"https:\/\/www.digitalcameraschool.it\/home\/val-di-masino-provincia-di-sondrio-escursione-fotografica-con-i-colori-dautunno\/"},"author":{"name":"admin","@id":"https:\/\/www.digitalcameraschool.it\/home\/#\/schema\/person\/14ad0f307de56d37b91e05ce38cbce4f"},"headline":"Idee e Viaggi. Oggi fotografiamo: la Val di Masino provincia di Sondrio in autunno","datePublished":"2019-12-01T15:34:43+00:00","mainEntityOfPage":{"@id":"https:\/\/www.digitalcameraschool.it\/home\/val-di-masino-provincia-di-sondrio-escursione-fotografica-con-i-colori-dautunno\/"},"wordCount":710,"publisher":{"@id":"https:\/\/www.digitalcameraschool.it\/home\/#organization"},"image":{"@id":"https:\/\/www.digitalcameraschool.it\/home\/val-di-masino-provincia-di-sondrio-escursione-fotografica-con-i-colori-dautunno\/#primaryimage"},"thumbnailUrl":"","keywords":["corsi base","foresta val masino","val di mello","workshop fotografici"],"articleSection":["Articoli"],"inLanguage":"it-IT"},{"@type":"WebPage","@id":"https:\/\/www.digitalcameraschool.it\/home\/val-di-masino-provincia-di-sondrio-escursione-fotografica-con-i-colori-dautunno\/","url":"https:\/\/www.digitalcameraschool.it\/home\/val-di-masino-provincia-di-sondrio-escursione-fotografica-con-i-colori-dautunno\/","name":"Idee e Viaggi. Oggi fotografiamo: la Val di Masino provincia di Sondrio in autunno - Digital Camera School - Corsi di fotografia","isPartOf":{"@id":"https:\/\/www.digitalcameraschool.it\/home\/#website"},"primaryImageOfPage":{"@id":"https:\/\/www.digitalcameraschool.it\/home\/val-di-masino-provincia-di-sondrio-escursione-fotografica-con-i-colori-dautunno\/#primaryimage"},"image":{"@id":"https:\/\/www.digitalcameraschool.it\/home\/val-di-masino-provincia-di-sondrio-escursione-fotografica-con-i-colori-dautunno\/#primaryimage"},"thumbnailUrl":"","datePublished":"2019-12-01T15:34:43+00:00","breadcrumb":{"@id":"https:\/\/www.digitalcameraschool.it\/home\/val-di-masino-provincia-di-sondrio-escursione-fotografica-con-i-colori-dautunno\/#breadcrumb"},"inLanguage":"it-IT","potentialAction":[{"@type":"ReadAction","target":["https:\/\/www.digitalcameraschool.it\/home\/val-di-masino-provincia-di-sondrio-escursione-fotografica-con-i-colori-dautunno\/"]}]},{"@type":"ImageObject","inLanguage":"it-IT","@id":"https:\/\/www.digitalcameraschool.it\/home\/val-di-masino-provincia-di-sondrio-escursione-fotografica-con-i-colori-dautunno\/#primaryimage","url":"","contentUrl":""},{"@type":"BreadcrumbList","@id":"https:\/\/www.digitalcameraschool.it\/home\/val-di-masino-provincia-di-sondrio-escursione-fotografica-con-i-colori-dautunno\/#breadcrumb","itemListElement":[{"@type":"ListItem","position":1,"name":"Home","item":"https:\/\/www.digitalcameraschool.it\/home\/"},{"@type":"ListItem","position":2,"name":"Idee e Viaggi. Oggi fotografiamo: la Val di Masino provincia di Sondrio in autunno"}]},{"@type":"WebSite","@id":"https:\/\/www.digitalcameraschool.it\/home\/#website","url":"https:\/\/www.digitalcameraschool.it\/home\/","name":"Digital Camera School - Corsi di fotografia","description":"Corsi, workshop, viaggi e molto altro!","publisher":{"@id":"https:\/\/www.digitalcameraschool.it\/home\/#organization"},"potentialAction":[{"@type":"SearchAction","target":{"@type":"EntryPoint","urlTemplate":"https:\/\/www.digitalcameraschool.it\/home\/?s={search_term_string}"},"query-input":{"@type":"PropertyValueSpecification","valueRequired":true,"valueName":"search_term_string"}}],"inLanguage":"it-IT"},{"@type":"Organization","@id":"https:\/\/www.digitalcameraschool.it\/home\/#organization","name":"Digital Camera School","url":"https:\/\/www.digitalcameraschool.it\/home\/","logo":{"@type":"ImageObject","inLanguage":"it-IT","@id":"https:\/\/www.digitalcameraschool.it\/home\/#\/schema\/logo\/image\/","url":"https:\/\/www.digitalcameraschool.it\/home\/wp-content\/uploads\/2022\/05\/logo-rotondo-dcs.png","contentUrl":"https:\/\/www.digitalcameraschool.it\/home\/wp-content\/uploads\/2022\/05\/logo-rotondo-dcs.png","width":500,"height":500,"caption":"Digital Camera School"},"image":{"@id":"https:\/\/www.digitalcameraschool.it\/home\/#\/schema\/logo\/image\/"},"sameAs":["https:\/\/www.facebook.com\/digitalcameraschool","https:\/\/www.instagram.com\/digital_camera_school\/","https:\/\/www.youtube.com\/c\/digitalcameraschool_tv"]},{"@type":"Person","@id":"https:\/\/www.digitalcameraschool.it\/home\/#\/schema\/person\/14ad0f307de56d37b91e05ce38cbce4f","name":"admin","image":{"@type":"ImageObject","inLanguage":"it-IT","@id":"https:\/\/secure.gravatar.com\/avatar\/09a781b0bc9ccebf47e03b0d3f8669bee8135aefe812c1b4d781dd65956e2b67?s=96&d=mm&r=g","url":"https:\/\/secure.gravatar.com\/avatar\/09a781b0bc9ccebf47e03b0d3f8669bee8135aefe812c1b4d781dd65956e2b67?s=96&d=mm&r=g","contentUrl":"https:\/\/secure.gravatar.com\/avatar\/09a781b0bc9ccebf47e03b0d3f8669bee8135aefe812c1b4d781dd65956e2b67?s=96&d=mm&r=g","caption":"admin"},"sameAs":["https:\/\/www.digitalcameraschool.it\/home"],"url":"https:\/\/www.digitalcameraschool.it\/home\/author\/admin\/"}]}},"_links":{"self":[{"href":"https:\/\/www.digitalcameraschool.it\/home\/wp-json\/wp\/v2\/posts\/14698","targetHints":{"allow":["GET"]}}],"collection":[{"href":"https:\/\/www.digitalcameraschool.it\/home\/wp-json\/wp\/v2\/posts"}],"about":[{"href":"https:\/\/www.digitalcameraschool.it\/home\/wp-json\/wp\/v2\/types\/post"}],"author":[{"embeddable":true,"href":"https:\/\/www.digitalcameraschool.it\/home\/wp-json\/wp\/v2\/users\/1"}],"replies":[{"embeddable":true,"href":"https:\/\/www.digitalcameraschool.it\/home\/wp-json\/wp\/v2\/comments?post=14698"}],"version-history":[{"count":0,"href":"https:\/\/www.digitalcameraschool.it\/home\/wp-json\/wp\/v2\/posts\/14698\/revisions"}],"wp:featuredmedia":[{"embeddable":true,"href":"https:\/\/www.digitalcameraschool.it\/home\/wp-json\/"}],"wp:attachment":[{"href":"https:\/\/www.digitalcameraschool.it\/home\/wp-json\/wp\/v2\/media?parent=14698"}],"wp:term":[{"taxonomy":"category","embeddable":true,"href":"https:\/\/www.digitalcameraschool.it\/home\/wp-json\/wp\/v2\/categories?post=14698"},{"taxonomy":"post_tag","embeddable":true,"href":"https:\/\/www.digitalcameraschool.it\/home\/wp-json\/wp\/v2\/tags?post=14698"}],"curies":[{"name":"wp","href":"https:\/\/api.w.org\/{rel}","templated":true}]}}