{"id":12030,"date":"2019-01-17T15:59:26","date_gmt":"2019-01-17T13:59:26","guid":{"rendered":"http:\/\/www.vacanzafotografica.it\/?p=12030"},"modified":"2019-01-17T15:59:26","modified_gmt":"2019-01-17T13:59:26","slug":"mostre-ed-eventi-erwitt-kertesz-davidson-giacomelli","status":"publish","type":"post","link":"https:\/\/www.digitalcameraschool.it\/home\/mostre-ed-eventi-erwitt-kertesz-davidson-giacomelli\/","title":{"rendered":"Mostre ed eventi \/\/ Erwitt &#8211; Kert\u00e9sz &#8211; Davidson &#8211; Giacomelli e&#8230;"},"content":{"rendered":"<div class=\"wpb-content-wrapper\"><p>[vc_row 0=&#8221;&#8221;][vc_column][vc_column_text 0=&#8221;&#8221;]<\/p>\n<p style=\"text-align: justify;\"><em>Abbiamo visitato alcune mostre e partecipato a un incontro (primo di una serie) molto interessante. Riportiamo qui alcune informazioni. Ci dividiamo tra Pavia e Milano, ma nei prossimi giorni consiglieremo mostre o simili anche in altre zone d&#8217;Italia e non solo.<\/em><\/p>\n<p>[\/vc_column_text][\/vc_column][\/vc_row][vc_row][vc_column][vc_column_text css=&#8221;.vc_custom_1547734165386{padding-right: 10px !important;padding-left: 10px !important;background-color: #ff9600 !important;}&#8221;]<\/p>\n<h1 class=\"francois-one editor-title\"><span style=\"color: #ffffff;\">Elliott Erwitt\/\/Icons\/\/Pavia (in chiusura)<\/span><\/h1>\n<p>[\/vc_column_text][\/vc_column][\/vc_row][vc_row][vc_column][vc_single_image image=&#8221;12032&#8243; img_size=&#8221;full&#8221; alignment=&#8221;center&#8221; css_animation=&#8221;fadeIn&#8221;][\/vc_column][\/vc_row][vc_row][vc_column][vc_column_text]<\/p>\n<p style=\"text-align: justify;\"><span class=\"lato\">COMUNICATO STAMPA:<\/span><br \/>\n<strong>Dal 13 ottobre 2018 al 24 gennaio 2019, le Scuderie del Castello Visconteo di Pavia\u00a0<\/strong>celebrano\u00a0<strong>Elliott Erwitt\u00a0<\/strong>(Parigi, 1928), uno dei pi\u00f9 grandi maestri della fotografia contemporanea, in occasione del suo novantesimo compleanno.La retrospettiva\u00a0<strong>Icons<\/strong>, curata da Biba Giacchetti, organizzata e prodotta da ViDi, con Civita Mostre e SudEst57 in collaborazione con la Fondazione Teatro Fraschini e il Comune di Pavia \u2013 Settore Cultura raccoglie\u00a0<strong>settanta dei suoi scatti pi\u00f9 famosi<\/strong>, in grado di offrire al visitatore uno spaccato della storia e del costume del Novecento, attraverso la tipica ironia di Erwitt, pervasa da una vena surreale e romantica.<\/p>\n<p style=\"text-align: justify;\">L\u2019obiettivo di Erwitt ha spesso colto momenti e situazioni che si sono iscritte nell\u2019immaginario collettivo come vere e proprie icone; \u00e8 il caso della lite tra Nixon e Kruschiev, dell\u2019immagine di Jackie Kennedy durante il funerale del marito, del celebre incontro di pugilato tra Muhammad Al\u00ec e Joe Frazier, del fidanzamento di Grace Kelly con il principe Ranieri di Monaco. Nel percorso espositivo s\u2019incontrano, inoltre, i famosi ritratti del Che Guevara, di Marlene Dietrich, della serie dedicata a Marilyn Monroe, cos\u00ec come i temi pi\u00f9 amati dal pubblico per la loro forza romantica come il California Kiss, o quelli pi\u00f9 intimi e privati, come quello della sua primogenita neonata sul letto, osservata dalla mamma.<\/p>\n<p style=\"text-align: justify;\">A Pavia, non manca l\u2019Erwitt pi\u00f9 ironico, come testimoniano le immagini del matrimonio di Bratsk, o quelle dei suoi cani. Chiude idealmente la rassegna una collezione di autoritratti che racconta come Erwitt ami prendere gioco anche di se stesso e una sezione documentale con i giornali e le pubblicazioni originali su cui comparvero per la prima volta le immagini. Accompagna la mostra un catalogo Sudest57, in cui ogni fotografia \u00e8 accompagnata da un dialogo tra Elliott Erwitt e Biba Giacchetti, che ne far\u00e0 scoprire i segreti, le avventure e il senso di ognuna di esse.<\/p>\n<p style=\"text-align: justify;\">Per tutta la durata della rassegna \u00e8 in programma una serie di attivit\u00e0 didattiche, incontri e visite guidate gratuite per bambini e adulti.<\/p>\n<p style=\"text-align: justify;\">Una mostra \u201cfamily friendly\u201d, con un angolo per l\u2019allattamento per le mamme, una sala didattica con accesso libero per le famiglie, un percorso creato ad hoc per i bambini, un kit didattico in omaggio da ritirare in biglietteria appositamente creato per la visita dei pi\u00f9 piccoli. Inoltre, all\u2019interno delle Scuderie, un\u2019opera ad \u201caltezza bambino\u201d attende i giovani visitatori per un\u2019esperienza immersiva a loro dedicata.<\/p>\n<p>Sito web della mostra: <a href=\"http:\/\/www.scuderiepavia.com\/\" target=\"_blank\" rel=\"noopener noreferrer\">link<\/a>[\/vc_column_text][\/vc_column][\/vc_row][vc_row][vc_column][vc_gallery type=&#8221;image_grid&#8221; images=&#8221;12034,12035,12036,12037,12038&#8243; img_size=&#8221;171&#215;171&#8243; css_animation=&#8221;flipInX&#8221; css=&#8221;.vc_custom_1547734018580{margin-left: 15px !important;}&#8221;][vc_column_text css=&#8221;.vc_custom_1547724245616{padding-top: 10px !important;padding-right: 10px !important;padding-bottom: 10px !important;padding-left: 10px !important;background-color: #dddddd !important;}&#8221;]<\/p>\n<p style=\"text-align: justify;\"><strong>Perch\u00e9 vederla:<\/strong> consigliata soprattutto se non hai mai visto nessuna mostra di Erwitt. Sono presenti alcune delle sue foto pi\u00f9 famose. Una video intervista piuttosto recente aiuta a inquadrare l&#8217;autore.<\/p>\n<p>[\/vc_column_text][\/vc_column][\/vc_row][vc_row][vc_column][vc_separator color=&#8221;orange&#8221; style=&#8221;dashed&#8221; border_width=&#8221;2&#8243;][vc_column_text css=&#8221;.vc_custom_1547723623308{padding-right: 10px !important;padding-left: 10px !important;background-color: #ff9600 !important;}&#8221;]<\/p>\n<h1 class=\"francois-one editor-title\"><span style=\"color: #ffffff;\">Andr\u00e9 Kert\u00e9sz\/\/Lo stupore della realt\u00e0\/\/Milano<\/span><\/h1>\n<p>[\/vc_column_text][vc_single_image image=&#8221;12040&#8243; img_size=&#8221;full&#8221; alignment=&#8221;center&#8221; css_animation=&#8221;fadeIn&#8221;][vc_column_text]<span style=\"color: #ff0000;\"><b>Vuoi vedere la mostra in compagnia e con il supporto di una guida DCS? Non prendere impegni domenica 3 marzo! <a href=\"http:\/\/www.vacanzafotografica.it\/visita-mostra-andre-kertesz-lo-stupore-della-realta\/\">link<\/a><\/b><\/span><\/p>\n<p style=\"text-align: justify;\"><em>\u00abTutto quello che abbiamo fatto,\u00a0Kert\u00e9sz l\u2019ha fatto prima\u00bb.<br \/>\nCartier Bresson<\/em><\/p>\n<p style=\"text-align: justify;\"><em>\u201cQualsiasi aspetto del mondo, dal pi\u00f9 banale al pi\u00f9 importante, merita di essere fotografato, con amore\u201d\u00a0<\/em><br \/>\n<em>Andr\u00e9 Kert\u00e9sz<\/em><\/p>\n<p style=\"text-align: justify;\"><em>\u201cVivevamo nello stesso edificio a New York e ancora oggi mi piace guardare le sue immagini esposte nell\u2019atrio. Il mio libro \u201cLeggere\u201d costituisce il mio personale omaggio al talento, alla personalit\u00e0 e al genio di Kert\u00e9sz\u00bb<\/em><br \/>\n<em>Steve McCurry<\/em><\/p>\n<p style=\"text-align: justify;\">A Milano una vasta e originale scelta di\u00a0<strong>90 opere<\/strong>\u00a0del \u201cmaestro dei maestri\u201d.<\/p>\n<p style=\"text-align: justify;\"><strong>Per la prima volta<\/strong>\u00a0esposte anche\u00a0<strong>la rara serie di fotografie a colori<\/strong>, realizzate a New York agli inizi degli anni \u201980. Un incontro con il talento e la personalit\u00e0 di un genio, riferimento della fotografia contemporanea, percorrendo i diversi momenti della sua attivit\u00e0:\u00a0<strong>Ungheria, Parigi, New York e Stati Uniti, periodo internazionale.<\/strong><strong>\u00a0<\/strong><\/p>\n<p class=\"wp-caption-text\" style=\"text-align: justify;\">La mostra curata da\u00a0<strong>Roberto Mutti<\/strong>\u00a0e ideata da Camillo Fornasieri, \u00e8 organizzata dal Jeu de Paume di Parigi, in collaborazione con la Mediath\u00e8que de l\u2019Architecture et du Patrimoine, Minist\u00e8re de la Culture \u2013 France, con diChroma photography e con il Patrocinio della Regione Lombardia e del Comune di Milano.<\/p>\n<p style=\"text-align: justify;\">Un fotografo, un intellettuale che attraversa e abbraccia due mondi, l\u2019est e l\u2019ovest del novecento, dapprima sul finire della mitteleuropa politica e culturale, poi nell\u2019occidente dalla guerra fredda agli anni \u201980. Abitante cittadino delle metropoli dei due mondi, da Budapest a Parigi, da New York al mondo globale, coglie e racconta la promessa e lo spaesamento, l\u2019incarnarsi di ogni vivente e la persona.<\/p>\n<p style=\"text-align: justify;\">Il suo segreto \u00e8 lo stupore, la familiarit\u00e0 della realt\u00e0, senza troncarne il rimando a un oltre, a una realt\u00e0 pi\u00f9 profonda. In mostra un Video con testimonianze di alcuni fotografi contemporanei.<\/p>\n<hr \/>\n<p style=\"text-align: justify;\"><strong>dal 16 gennaio al 10 marzo 2019 \u2013 Sala Espositiva del CMC<br \/>\nLargo Corsia dei Servi, 4 Milano<br \/>\n<\/strong>(MM1 S. Babila \u2013 MM3 Duomo)<\/p>\n<p style=\"text-align: justify;\"><strong>90 opere a cura di Roberto Mutti<\/strong><\/p>\n<p style=\"text-align: justify;\">Mostra ideata da Camillo Fornasieri<\/p>\n<p>Sito web della mostra: <a href=\"https:\/\/www.centroculturaledimilano.it\/andre-kerteszlo-stupore-della-realta\/\" target=\"_blank\" rel=\"noopener noreferrer\">link<\/a>[\/vc_column_text][vc_gallery type=&#8221;image_grid&#8221; images=&#8221;12041,12042,12043,12044,12045&#8243; img_size=&#8221;171&#215;171&#8243; css_animation=&#8221;flipInX&#8221; css=&#8221;.vc_custom_1547734044267{margin-left: 15px !important;}&#8221;][vc_column_text css=&#8221;.vc_custom_1547724362019{padding-top: 10px !important;padding-right: 10px !important;padding-bottom: 10px !important;padding-left: 10px !important;background-color: #dddddd !important;}&#8221;]<\/p>\n<p style=\"text-align: justify;\"><strong>Perch\u00e9 vederla:<\/strong>\u00a0la citazione di Bresson \u00e8 vera e lo si capisce guardando queste 90 fotografie. Tanti rimandi ad autori\/autrici che devono molto al lavoro di Kert\u00e9sz, ma anche generi fotografici anticipati di qualche decennio.<\/p>\n<p>[\/vc_column_text][vc_separator color=&#8221;orange&#8221; style=&#8221;dashed&#8221; border_width=&#8221;2&#8243;][vc_column_text css=&#8221;.vc_custom_1547734682635{padding-right: 10px !important;padding-left: 10px !important;background-color: #ff9600 !important;}&#8221;]<\/p>\n<h1 class=\"francois-one editor-title\"><span style=\"color: #ffffff;\">Bruce Davidson\/\/Mostra personale\/\/Milano (in chiusura)<\/span><\/h1>\n<p>[\/vc_column_text][vc_single_image image=&#8221;12046&#8243; img_size=&#8221;full&#8221; alignment=&#8221;center&#8221; css_animation=&#8221;fadeIn&#8221;][vc_column_text]COMUNICATO STAMPA:<\/p>\n<p style=\"text-align: justify;\">Dal 13 novembre al 26 gennaio presso la Leica Galerie Milano \u00e8<strong>\u00a0in mostra Bruce Davidson<\/strong>, uno dei pi\u00f9 importanti fotografi americani le cui fotografie hanno fatto la storia.\u00a0<strong>In onore del suo lavoro di una vita, Leica accoglie Davidson nella Leica Hall of Fame<\/strong>.<br \/>\nDall\u2019occhio infallibile, empatico, sensibile e critico, ma sempre rispettoso nei confronti delle persone che ritrae, che si parli di Brooklyn Gang, Circus, East 100th Street, Subway o Time of Change, molte delle serie di Davidson sono annoverate fra le rassegne e i reportage pi\u00f9 significativi sulla vita di tutti i giorni negli USA. Dedito a una visione molto personale della realt\u00e0, lo stile di Davidson \u00e8 inconfondibile.<strong>\u00a0Il suo immaginario \u00e8 definito da una miscela unica di prossimit\u00e0 e distanza, curiosit\u00e0 e noncuranza, documentazione e provocazione<\/strong>. Con la sua delicata serie di ritratti, riesce di volta in volta a offrire incredibili informazioni su ambienti altrimenti inaccessibili alla maggior parte degli osservatori. Il lavoro di Davidson si fonda su un interesse per la vita e un atteggiamento aperto nei confronti di ci\u00f2 che lo circonda, nonch\u00e9 sulla fiducia e il rispetto, facendone uno dei principali rappresentanti della fotografia umanistica.<\/p>\n<p style=\"text-align: justify;\"><strong>Bruce Davidson<\/strong>\u00a0\u00e8 nato ad Oak Park, Illinois, nel 1933. Ha iniziato a fotografare all\u2019et\u00e0 di dieci anni. Dal 1951 al 1954, ha studiato al Rochester Institute of Technology, dopo di che ha lavorato come assistente di laboratorio presso Eastman Kodak. Nel 1955 ha studiato alla Yale University School of Design. Divenne membro a pieno titolo dell\u2019agenzia Magnum Photos nel 1959. La sua prima mostra personale ebbe luogo nel 1963 al Museum of Modern Art di New York. Ha anche lavorato come regista, ha tenuto numerose mostre e ricevuto svariati premi. Davidson vive a New York.<br \/>\n<strong>Bruce Davidson\u00a0<\/strong><br \/>\n<strong>Leica Hall of Fame 2018<\/strong><\/p>\n<p style=\"text-align: justify;\">Dal 13 novembre al 26 gennaio<\/p>\n<p style=\"text-align: justify;\">Leica Store Milano<br \/>\nVia Giuseppe Mengoni, 4 \u2013 Milano<\/p>\n<p>Sito web della sede espositiva: <a href=\"http:\/\/www.leicastore-milano.com\/\">link<\/a>[\/vc_column_text][vc_gallery type=&#8221;image_grid&#8221; images=&#8221;12047,12048,12049,12050,12051&#8243; img_size=&#8221;171&#215;171&#8243; css_animation=&#8221;flipInX&#8221; css=&#8221;.vc_custom_1547734057446{margin-left: 15px !important;}&#8221;][vc_column_text css=&#8221;.vc_custom_1547724713599{padding-top: 10px !important;padding-right: 10px !important;padding-bottom: 10px !important;padding-left: 10px !important;background-color: #dddddd !important;}&#8221;]<\/p>\n<p style=\"text-align: justify;\"><strong>Perch\u00e9 vederla:<\/strong>\u00a0un autore da scoprire, dato che non se ne parla mai abbastanza. La qualit\u00e0 della stampa \u00e8 sublime e rende giustizia alle fotografie. Bello notare i fili conduttori tra le varie immagini.<\/p>\n<p>[\/vc_column_text][vc_separator color=&#8221;orange&#8221; style=&#8221;dashed&#8221; border_width=&#8221;2&#8243;][vc_column_text css=&#8221;.vc_custom_1547725000663{padding-right: 10px !important;padding-left: 10px !important;background-color: #ff9600 !important;}&#8221;]<\/p>\n<h1 class=\"francois-one editor-title\"><span style=\"color: #ffffff;\">Mario Giacomelli\/\/Da un caos all\u2019altro\/\/Milano (in chiusura)<\/span><\/h1>\n<p>[\/vc_column_text][vc_single_image image=&#8221;12054&#8243; img_size=&#8221;full&#8221; alignment=&#8221;center&#8221; css_animation=&#8221;fadeIn&#8221;][vc_column_text]<\/p>\n<p style=\"text-align: justify;\">La mostra propone e mette in relazione le straordinarie immagini del paesaggio marchigiano, che per tutta la vita Giacomelli.<span data-ccp-props=\"{&quot;201341983&quot;:1,&quot;335551550&quot;:6,&quot;335551620&quot;:6,&quot;335559739&quot;:200,&quot;335559740&quot;:276}\">\u00a0<\/span>Non si \u00e8 mai stancato di fotografare, con una scelta delle sue immagini astratte, dove il rapporto tra le figure nere e il bianco si fa attesa drammatica, corposa, lirica. La tensione verso l\u2019astratto e l\u2019attenzione verso il territorio si specchiano uno nell\u2019altro nella fotografia di Giacomelli.<span data-ccp-props=\"{&quot;201341983&quot;:1,&quot;335551550&quot;:6,&quot;335551620&quot;:6,&quot;335559739&quot;:200,&quot;335559740&quot;:276}\">\u00a0<\/span><span data-ccp-props=\"{&quot;201341983&quot;:1,&quot;335551550&quot;:6,&quot;335551620&quot;:6,&quot;335559739&quot;:240,&quot;335559740&quot;:280}\">\u00a0<em>(sito web Forma Meravigli)<\/em><\/span><\/p>\n<p><b><i>Mario Giacomelli: da un caos all\u2019altro<\/i><\/b><\/p>\n<p><span data-ccp-props=\"{&quot;201341983&quot;:1,&quot;335559739&quot;:200,&quot;335559740&quot;:276}\"><strong><em>La mostra sar\u00e0 aperta fino al 25 gennaio 2019<\/em><\/strong><\/span><\/p>\n<p>da mercoled\u00ec a domenica: 11 \u2013 20<br \/>\nluned\u00ec, marted\u00ec<\/p>\n<p><strong>Ingresso gratuito\u00a0<\/strong><\/p>\n<p><b>Forma Meravigli<\/b><span data-ccp-props=\"{&quot;201341983&quot;:1,&quot;335559740&quot;:276}\"><br \/>\n<\/span>Via Meravigli 5 &#8211; 20123 Milano &#8211; 0258118067 &#8211;\u00a0<a href=\"http:\/\/www.formafoto.it\/\">www.formafoto.it<\/a><span data-ccp-props=\"{&quot;201341983&quot;:1,&quot;335559740&quot;:276}\">\u00a0<\/span><\/p>\n<p>Sito web della mostra: <a href=\"http:\/\/www.formafoto.it\/2018\/09\/riapre-forma-meravigli-giovedi-20-settembre-ore-18-30\/\" target=\"_blank\" rel=\"noopener noreferrer\">link<\/a>[\/vc_column_text][vc_gallery type=&#8221;image_grid&#8221; images=&#8221;12055,12058,12057,12056,12059&#8243; img_size=&#8221;171&#215;171&#8243; css_animation=&#8221;flipInX&#8221; css=&#8221;.vc_custom_1547734070462{margin-left: 15px !important;}&#8221;][vc_column_text css=&#8221;.vc_custom_1547731298218{padding-top: 10px !important;padding-right: 10px !important;padding-bottom: 10px !important;padding-left: 10px !important;background-color: #dddddd !important;}&#8221;]<\/p>\n<p style=\"text-align: justify;\"><strong>Perch\u00e9 vederla:<\/strong>\u00a0la sua produzione va vista dal vivo, cos\u00ec da apprezzarne maggiormente la vitalit\u00e0 e il livello di rottura rispetto ad approcci meno sperimentali.<\/p>\n<p>[\/vc_column_text][vc_separator color=&#8221;orange&#8221; style=&#8221;dashed&#8221; border_width=&#8221;2&#8243;][vc_column_text css=&#8221;.vc_custom_1547731865679{padding-right: 10px !important;padding-left: 10px !important;background-color: #ff9600 !important;}&#8221;]<\/p>\n<h1 class=\"francois-one editor-title\"><span style=\"color: #ffffff;\">Leggere la fotografia\/\/Incontri su libri fotografici\/\/Milano<\/span><\/h1>\n<p>[\/vc_column_text][vc_single_image image=&#8221;12060&#8243; img_size=&#8221;full&#8221; alignment=&#8221;center&#8221; css_animation=&#8221;fadeIn&#8221;][vc_column_text]<\/p>\n<p style=\"text-align: justify;\">Chiudiamo con una <strong>rassegna di incontri<\/strong> iniziata da poco. Sono appuntamenti che cercano di <strong>fare luce<\/strong> su alcuni libri importanti all&#8217;interno della storia della fotografia (e che consigliamo). Meglio telefonare\/mandare una mail per <strong>prenotare un posto<\/strong>, dato che al primo incontro c&#8217;era molta gente (tra cui due fotografi in erba ma che secondo noi si faranno: Gianni Berengo Gardin e Ferdinando Scianna).<\/p>\n<p style=\"text-align: justify;\">Si \u00e8 parlato di <strong>Walter Benjamin<\/strong> e del suo seminale &#8220;Piccola storia della fotografia&#8221;: <strong>Claudio Marra<\/strong>, professore ordinario di Storia della Fotografia presso l&#8217;Universit\u00e0 di Bologna, ha proposto <strong>un viaggio<\/strong> dentro l&#8217;opera di Benjamin, non prima di aver inquadrato il periodo storico e la biografia del tedesco.<\/p>\n<p><strong>Ingresso gratuito\u00a0<\/strong><\/p>\n<p><b>Forma Meravigli<\/b><span data-ccp-props=\"{&quot;201341983&quot;:1,&quot;335559740&quot;:276}\"><br \/>\n<\/span>Via Meravigli 5 &#8211; 20123 Milano &#8211; 0258118067 &#8211;\u00a0<a href=\"http:\/\/www.formafoto.it\/\">www.formafoto.it<\/a><span data-ccp-props=\"{&quot;201341983&quot;:1,&quot;335559740&quot;:276}\">\u00a0<\/span>[\/vc_column_text][vc_column_text css=&#8221;.vc_custom_1547733108365{padding-top: 10px !important;padding-right: 10px !important;padding-bottom: 10px !important;padding-left: 10px !important;background-color: #dddddd !important;}&#8221;]<\/p>\n<p style=\"text-align: justify;\"><strong>Perch\u00e9 partecipare:<\/strong>\u00a0sentire una voce autorevole su argomenti fondamentali \u00e8 sempre cosa buona e giusta, anche per coltivare un nostro personale senso critico.<\/p>\n<p>[\/vc_column_text][\/vc_column][\/vc_row]<\/p>\n<\/div>","protected":false},"excerpt":{"rendered":"<p>[vc_row 0=&#8221;&#8221;][vc_column][vc_column_text 0=&#8221;&#8221;] Abbiamo visitato alcune mostre e partecipato a un incontro (primo di una serie) molto interessante. Riportiamo qui alcune informazioni. Ci dividiamo tra Pavia e Milano,&#8230;<\/p>\n","protected":false},"author":1,"featured_media":12065,"comment_status":"closed","ping_status":"open","sticky":false,"template":"","format":"standard","meta":{"pmpro_default_level":"","footnotes":""},"categories":[120,122],"tags":[],"class_list":["post-12030","post","type-post","status-publish","format-standard","has-post-thumbnail","hentry","category-articoli","category-home","pmpro-has-access"],"acf":[],"yoast_head":"<!-- This site is optimized with the Yoast SEO plugin v27.4 - https:\/\/yoast.com\/product\/yoast-seo-wordpress\/ -->\n<title>Mostre ed eventi \/\/ Erwitt - Kert\u00e9sz - Davidson - Giacomelli e... - Digital Camera School - Corsi di fotografia<\/title>\n<meta name=\"robots\" content=\"index, follow, max-snippet:-1, max-image-preview:large, max-video-preview:-1\" \/>\n<link rel=\"canonical\" href=\"https:\/\/www.digitalcameraschool.it\/home\/mostre-ed-eventi-erwitt-kertesz-davidson-giacomelli\/\" \/>\n<meta property=\"og:locale\" content=\"it_IT\" \/>\n<meta property=\"og:type\" content=\"article\" \/>\n<meta property=\"og:title\" content=\"Mostre ed eventi \/\/ Erwitt - Kert\u00e9sz - Davidson - Giacomelli e... - Digital Camera School - Corsi di fotografia\" \/>\n<meta property=\"og:description\" content=\"[vc_row 0=&#8221;&#8221;][vc_column][vc_column_text 0=&#8221;&#8221;] Abbiamo visitato alcune mostre e partecipato a un incontro (primo di una serie) molto interessante. Riportiamo qui alcune informazioni. Ci dividiamo tra Pavia e Milano,...\" \/>\n<meta property=\"og:url\" content=\"https:\/\/www.digitalcameraschool.it\/home\/mostre-ed-eventi-erwitt-kertesz-davidson-giacomelli\/\" \/>\n<meta property=\"og:site_name\" content=\"Digital Camera School - Corsi di fotografia\" \/>\n<meta property=\"article:publisher\" content=\"https:\/\/www.facebook.com\/digitalcameraschool\" \/>\n<meta property=\"article:published_time\" content=\"2019-01-17T13:59:26+00:00\" \/>\n<meta property=\"og:image\" content=\"https:\/\/www.digitalcameraschool.it\/home\/wp-content\/uploads\/2022\/05\/logo-rotondo-dcs.png\" \/>\n\t<meta property=\"og:image:width\" content=\"500\" \/>\n\t<meta property=\"og:image:height\" content=\"500\" \/>\n\t<meta property=\"og:image:type\" content=\"image\/png\" \/>\n<meta name=\"author\" content=\"admin\" \/>\n<meta name=\"twitter:card\" content=\"summary_large_image\" \/>\n<meta name=\"twitter:label1\" content=\"Scritto da\" \/>\n\t<meta name=\"twitter:data1\" content=\"admin\" \/>\n\t<meta name=\"twitter:label2\" content=\"Tempo di lettura stimato\" \/>\n\t<meta name=\"twitter:data2\" content=\"10 minuti\" \/>\n<script type=\"application\/ld+json\" class=\"yoast-schema-graph\">{\"@context\":\"https:\\\/\\\/schema.org\",\"@graph\":[{\"@type\":\"Article\",\"@id\":\"https:\\\/\\\/www.digitalcameraschool.it\\\/home\\\/mostre-ed-eventi-erwitt-kertesz-davidson-giacomelli\\\/#article\",\"isPartOf\":{\"@id\":\"https:\\\/\\\/www.digitalcameraschool.it\\\/home\\\/mostre-ed-eventi-erwitt-kertesz-davidson-giacomelli\\\/\"},\"author\":{\"name\":\"admin\",\"@id\":\"https:\\\/\\\/www.digitalcameraschool.it\\\/home\\\/#\\\/schema\\\/person\\\/14ad0f307de56d37b91e05ce38cbce4f\"},\"headline\":\"Mostre ed eventi \\\/\\\/ Erwitt &#8211; Kert\u00e9sz &#8211; Davidson &#8211; Giacomelli e&#8230;\",\"datePublished\":\"2019-01-17T13:59:26+00:00\",\"mainEntityOfPage\":{\"@id\":\"https:\\\/\\\/www.digitalcameraschool.it\\\/home\\\/mostre-ed-eventi-erwitt-kertesz-davidson-giacomelli\\\/\"},\"wordCount\":1981,\"publisher\":{\"@id\":\"https:\\\/\\\/www.digitalcameraschool.it\\\/home\\\/#organization\"},\"image\":{\"@id\":\"https:\\\/\\\/www.digitalcameraschool.it\\\/home\\\/mostre-ed-eventi-erwitt-kertesz-davidson-giacomelli\\\/#primaryimage\"},\"thumbnailUrl\":\"\",\"articleSection\":[\"Articoli\",\"Home\"],\"inLanguage\":\"it-IT\"},{\"@type\":\"WebPage\",\"@id\":\"https:\\\/\\\/www.digitalcameraschool.it\\\/home\\\/mostre-ed-eventi-erwitt-kertesz-davidson-giacomelli\\\/\",\"url\":\"https:\\\/\\\/www.digitalcameraschool.it\\\/home\\\/mostre-ed-eventi-erwitt-kertesz-davidson-giacomelli\\\/\",\"name\":\"Mostre ed eventi \\\/\\\/ Erwitt - Kert\u00e9sz - Davidson - Giacomelli e... - Digital Camera School - Corsi di fotografia\",\"isPartOf\":{\"@id\":\"https:\\\/\\\/www.digitalcameraschool.it\\\/home\\\/#website\"},\"primaryImageOfPage\":{\"@id\":\"https:\\\/\\\/www.digitalcameraschool.it\\\/home\\\/mostre-ed-eventi-erwitt-kertesz-davidson-giacomelli\\\/#primaryimage\"},\"image\":{\"@id\":\"https:\\\/\\\/www.digitalcameraschool.it\\\/home\\\/mostre-ed-eventi-erwitt-kertesz-davidson-giacomelli\\\/#primaryimage\"},\"thumbnailUrl\":\"\",\"datePublished\":\"2019-01-17T13:59:26+00:00\",\"breadcrumb\":{\"@id\":\"https:\\\/\\\/www.digitalcameraschool.it\\\/home\\\/mostre-ed-eventi-erwitt-kertesz-davidson-giacomelli\\\/#breadcrumb\"},\"inLanguage\":\"it-IT\",\"potentialAction\":[{\"@type\":\"ReadAction\",\"target\":[\"https:\\\/\\\/www.digitalcameraschool.it\\\/home\\\/mostre-ed-eventi-erwitt-kertesz-davidson-giacomelli\\\/\"]}]},{\"@type\":\"ImageObject\",\"inLanguage\":\"it-IT\",\"@id\":\"https:\\\/\\\/www.digitalcameraschool.it\\\/home\\\/mostre-ed-eventi-erwitt-kertesz-davidson-giacomelli\\\/#primaryimage\",\"url\":\"\",\"contentUrl\":\"\"},{\"@type\":\"BreadcrumbList\",\"@id\":\"https:\\\/\\\/www.digitalcameraschool.it\\\/home\\\/mostre-ed-eventi-erwitt-kertesz-davidson-giacomelli\\\/#breadcrumb\",\"itemListElement\":[{\"@type\":\"ListItem\",\"position\":1,\"name\":\"Home\",\"item\":\"https:\\\/\\\/www.digitalcameraschool.it\\\/home\\\/\"},{\"@type\":\"ListItem\",\"position\":2,\"name\":\"Mostre ed eventi \\\/\\\/ Erwitt &#8211; Kert\u00e9sz &#8211; Davidson &#8211; Giacomelli e&#8230;\"}]},{\"@type\":\"WebSite\",\"@id\":\"https:\\\/\\\/www.digitalcameraschool.it\\\/home\\\/#website\",\"url\":\"https:\\\/\\\/www.digitalcameraschool.it\\\/home\\\/\",\"name\":\"Digital Camera School - Corsi di fotografia\",\"description\":\"Corsi, workshop, viaggi e molto altro!\",\"publisher\":{\"@id\":\"https:\\\/\\\/www.digitalcameraschool.it\\\/home\\\/#organization\"},\"potentialAction\":[{\"@type\":\"SearchAction\",\"target\":{\"@type\":\"EntryPoint\",\"urlTemplate\":\"https:\\\/\\\/www.digitalcameraschool.it\\\/home\\\/?s={search_term_string}\"},\"query-input\":{\"@type\":\"PropertyValueSpecification\",\"valueRequired\":true,\"valueName\":\"search_term_string\"}}],\"inLanguage\":\"it-IT\"},{\"@type\":\"Organization\",\"@id\":\"https:\\\/\\\/www.digitalcameraschool.it\\\/home\\\/#organization\",\"name\":\"Digital Camera School\",\"url\":\"https:\\\/\\\/www.digitalcameraschool.it\\\/home\\\/\",\"logo\":{\"@type\":\"ImageObject\",\"inLanguage\":\"it-IT\",\"@id\":\"https:\\\/\\\/www.digitalcameraschool.it\\\/home\\\/#\\\/schema\\\/logo\\\/image\\\/\",\"url\":\"https:\\\/\\\/www.digitalcameraschool.it\\\/home\\\/wp-content\\\/uploads\\\/2022\\\/05\\\/logo-rotondo-dcs.png\",\"contentUrl\":\"https:\\\/\\\/www.digitalcameraschool.it\\\/home\\\/wp-content\\\/uploads\\\/2022\\\/05\\\/logo-rotondo-dcs.png\",\"width\":500,\"height\":500,\"caption\":\"Digital Camera School\"},\"image\":{\"@id\":\"https:\\\/\\\/www.digitalcameraschool.it\\\/home\\\/#\\\/schema\\\/logo\\\/image\\\/\"},\"sameAs\":[\"https:\\\/\\\/www.facebook.com\\\/digitalcameraschool\",\"https:\\\/\\\/www.instagram.com\\\/digital_camera_school\\\/\",\"https:\\\/\\\/www.youtube.com\\\/c\\\/digitalcameraschool_tv\"]},{\"@type\":\"Person\",\"@id\":\"https:\\\/\\\/www.digitalcameraschool.it\\\/home\\\/#\\\/schema\\\/person\\\/14ad0f307de56d37b91e05ce38cbce4f\",\"name\":\"admin\",\"image\":{\"@type\":\"ImageObject\",\"inLanguage\":\"it-IT\",\"@id\":\"https:\\\/\\\/secure.gravatar.com\\\/avatar\\\/09a781b0bc9ccebf47e03b0d3f8669bee8135aefe812c1b4d781dd65956e2b67?s=96&d=mm&r=g\",\"url\":\"https:\\\/\\\/secure.gravatar.com\\\/avatar\\\/09a781b0bc9ccebf47e03b0d3f8669bee8135aefe812c1b4d781dd65956e2b67?s=96&d=mm&r=g\",\"contentUrl\":\"https:\\\/\\\/secure.gravatar.com\\\/avatar\\\/09a781b0bc9ccebf47e03b0d3f8669bee8135aefe812c1b4d781dd65956e2b67?s=96&d=mm&r=g\",\"caption\":\"admin\"},\"sameAs\":[\"https:\\\/\\\/www.digitalcameraschool.it\\\/home\"],\"url\":\"https:\\\/\\\/www.digitalcameraschool.it\\\/home\\\/author\\\/admin\\\/\"}]}<\/script>\n<!-- \/ Yoast SEO plugin. -->","yoast_head_json":{"title":"Mostre ed eventi \/\/ Erwitt - Kert\u00e9sz - Davidson - Giacomelli e... - Digital Camera School - Corsi di fotografia","robots":{"index":"index","follow":"follow","max-snippet":"max-snippet:-1","max-image-preview":"max-image-preview:large","max-video-preview":"max-video-preview:-1"},"canonical":"https:\/\/www.digitalcameraschool.it\/home\/mostre-ed-eventi-erwitt-kertesz-davidson-giacomelli\/","og_locale":"it_IT","og_type":"article","og_title":"Mostre ed eventi \/\/ Erwitt - Kert\u00e9sz - Davidson - Giacomelli e... - Digital Camera School - Corsi di fotografia","og_description":"[vc_row 0=&#8221;&#8221;][vc_column][vc_column_text 0=&#8221;&#8221;] Abbiamo visitato alcune mostre e partecipato a un incontro (primo di una serie) molto interessante. Riportiamo qui alcune informazioni. Ci dividiamo tra Pavia e Milano,...","og_url":"https:\/\/www.digitalcameraschool.it\/home\/mostre-ed-eventi-erwitt-kertesz-davidson-giacomelli\/","og_site_name":"Digital Camera School - Corsi di fotografia","article_publisher":"https:\/\/www.facebook.com\/digitalcameraschool","article_published_time":"2019-01-17T13:59:26+00:00","og_image":[{"width":500,"height":500,"url":"https:\/\/www.digitalcameraschool.it\/home\/wp-content\/uploads\/2022\/05\/logo-rotondo-dcs.png","type":"image\/png"}],"author":"admin","twitter_card":"summary_large_image","twitter_misc":{"Scritto da":"admin","Tempo di lettura stimato":"10 minuti"},"schema":{"@context":"https:\/\/schema.org","@graph":[{"@type":"Article","@id":"https:\/\/www.digitalcameraschool.it\/home\/mostre-ed-eventi-erwitt-kertesz-davidson-giacomelli\/#article","isPartOf":{"@id":"https:\/\/www.digitalcameraschool.it\/home\/mostre-ed-eventi-erwitt-kertesz-davidson-giacomelli\/"},"author":{"name":"admin","@id":"https:\/\/www.digitalcameraschool.it\/home\/#\/schema\/person\/14ad0f307de56d37b91e05ce38cbce4f"},"headline":"Mostre ed eventi \/\/ Erwitt &#8211; Kert\u00e9sz &#8211; Davidson &#8211; Giacomelli e&#8230;","datePublished":"2019-01-17T13:59:26+00:00","mainEntityOfPage":{"@id":"https:\/\/www.digitalcameraschool.it\/home\/mostre-ed-eventi-erwitt-kertesz-davidson-giacomelli\/"},"wordCount":1981,"publisher":{"@id":"https:\/\/www.digitalcameraschool.it\/home\/#organization"},"image":{"@id":"https:\/\/www.digitalcameraschool.it\/home\/mostre-ed-eventi-erwitt-kertesz-davidson-giacomelli\/#primaryimage"},"thumbnailUrl":"","articleSection":["Articoli","Home"],"inLanguage":"it-IT"},{"@type":"WebPage","@id":"https:\/\/www.digitalcameraschool.it\/home\/mostre-ed-eventi-erwitt-kertesz-davidson-giacomelli\/","url":"https:\/\/www.digitalcameraschool.it\/home\/mostre-ed-eventi-erwitt-kertesz-davidson-giacomelli\/","name":"Mostre ed eventi \/\/ Erwitt - Kert\u00e9sz - Davidson - Giacomelli e... - Digital Camera School - Corsi di fotografia","isPartOf":{"@id":"https:\/\/www.digitalcameraschool.it\/home\/#website"},"primaryImageOfPage":{"@id":"https:\/\/www.digitalcameraschool.it\/home\/mostre-ed-eventi-erwitt-kertesz-davidson-giacomelli\/#primaryimage"},"image":{"@id":"https:\/\/www.digitalcameraschool.it\/home\/mostre-ed-eventi-erwitt-kertesz-davidson-giacomelli\/#primaryimage"},"thumbnailUrl":"","datePublished":"2019-01-17T13:59:26+00:00","breadcrumb":{"@id":"https:\/\/www.digitalcameraschool.it\/home\/mostre-ed-eventi-erwitt-kertesz-davidson-giacomelli\/#breadcrumb"},"inLanguage":"it-IT","potentialAction":[{"@type":"ReadAction","target":["https:\/\/www.digitalcameraschool.it\/home\/mostre-ed-eventi-erwitt-kertesz-davidson-giacomelli\/"]}]},{"@type":"ImageObject","inLanguage":"it-IT","@id":"https:\/\/www.digitalcameraschool.it\/home\/mostre-ed-eventi-erwitt-kertesz-davidson-giacomelli\/#primaryimage","url":"","contentUrl":""},{"@type":"BreadcrumbList","@id":"https:\/\/www.digitalcameraschool.it\/home\/mostre-ed-eventi-erwitt-kertesz-davidson-giacomelli\/#breadcrumb","itemListElement":[{"@type":"ListItem","position":1,"name":"Home","item":"https:\/\/www.digitalcameraschool.it\/home\/"},{"@type":"ListItem","position":2,"name":"Mostre ed eventi \/\/ Erwitt &#8211; Kert\u00e9sz &#8211; Davidson &#8211; Giacomelli e&#8230;"}]},{"@type":"WebSite","@id":"https:\/\/www.digitalcameraschool.it\/home\/#website","url":"https:\/\/www.digitalcameraschool.it\/home\/","name":"Digital Camera School - Corsi di fotografia","description":"Corsi, workshop, viaggi e molto altro!","publisher":{"@id":"https:\/\/www.digitalcameraschool.it\/home\/#organization"},"potentialAction":[{"@type":"SearchAction","target":{"@type":"EntryPoint","urlTemplate":"https:\/\/www.digitalcameraschool.it\/home\/?s={search_term_string}"},"query-input":{"@type":"PropertyValueSpecification","valueRequired":true,"valueName":"search_term_string"}}],"inLanguage":"it-IT"},{"@type":"Organization","@id":"https:\/\/www.digitalcameraschool.it\/home\/#organization","name":"Digital Camera School","url":"https:\/\/www.digitalcameraschool.it\/home\/","logo":{"@type":"ImageObject","inLanguage":"it-IT","@id":"https:\/\/www.digitalcameraschool.it\/home\/#\/schema\/logo\/image\/","url":"https:\/\/www.digitalcameraschool.it\/home\/wp-content\/uploads\/2022\/05\/logo-rotondo-dcs.png","contentUrl":"https:\/\/www.digitalcameraschool.it\/home\/wp-content\/uploads\/2022\/05\/logo-rotondo-dcs.png","width":500,"height":500,"caption":"Digital Camera School"},"image":{"@id":"https:\/\/www.digitalcameraschool.it\/home\/#\/schema\/logo\/image\/"},"sameAs":["https:\/\/www.facebook.com\/digitalcameraschool","https:\/\/www.instagram.com\/digital_camera_school\/","https:\/\/www.youtube.com\/c\/digitalcameraschool_tv"]},{"@type":"Person","@id":"https:\/\/www.digitalcameraschool.it\/home\/#\/schema\/person\/14ad0f307de56d37b91e05ce38cbce4f","name":"admin","image":{"@type":"ImageObject","inLanguage":"it-IT","@id":"https:\/\/secure.gravatar.com\/avatar\/09a781b0bc9ccebf47e03b0d3f8669bee8135aefe812c1b4d781dd65956e2b67?s=96&d=mm&r=g","url":"https:\/\/secure.gravatar.com\/avatar\/09a781b0bc9ccebf47e03b0d3f8669bee8135aefe812c1b4d781dd65956e2b67?s=96&d=mm&r=g","contentUrl":"https:\/\/secure.gravatar.com\/avatar\/09a781b0bc9ccebf47e03b0d3f8669bee8135aefe812c1b4d781dd65956e2b67?s=96&d=mm&r=g","caption":"admin"},"sameAs":["https:\/\/www.digitalcameraschool.it\/home"],"url":"https:\/\/www.digitalcameraschool.it\/home\/author\/admin\/"}]}},"_links":{"self":[{"href":"https:\/\/www.digitalcameraschool.it\/home\/wp-json\/wp\/v2\/posts\/12030","targetHints":{"allow":["GET"]}}],"collection":[{"href":"https:\/\/www.digitalcameraschool.it\/home\/wp-json\/wp\/v2\/posts"}],"about":[{"href":"https:\/\/www.digitalcameraschool.it\/home\/wp-json\/wp\/v2\/types\/post"}],"author":[{"embeddable":true,"href":"https:\/\/www.digitalcameraschool.it\/home\/wp-json\/wp\/v2\/users\/1"}],"replies":[{"embeddable":true,"href":"https:\/\/www.digitalcameraschool.it\/home\/wp-json\/wp\/v2\/comments?post=12030"}],"version-history":[{"count":0,"href":"https:\/\/www.digitalcameraschool.it\/home\/wp-json\/wp\/v2\/posts\/12030\/revisions"}],"wp:featuredmedia":[{"embeddable":true,"href":"https:\/\/www.digitalcameraschool.it\/home\/wp-json\/"}],"wp:attachment":[{"href":"https:\/\/www.digitalcameraschool.it\/home\/wp-json\/wp\/v2\/media?parent=12030"}],"wp:term":[{"taxonomy":"category","embeddable":true,"href":"https:\/\/www.digitalcameraschool.it\/home\/wp-json\/wp\/v2\/categories?post=12030"},{"taxonomy":"post_tag","embeddable":true,"href":"https:\/\/www.digitalcameraschool.it\/home\/wp-json\/wp\/v2\/tags?post=12030"}],"curies":[{"name":"wp","href":"https:\/\/api.w.org\/{rel}","templated":true}]}}